{"id":202031,"date":"2025-11-28T10:02:17","date_gmt":"2025-11-28T16:02:17","guid":{"rendered":"https:\/\/nvnoticias.mx\/?p=202031"},"modified":"2025-11-28T10:02:21","modified_gmt":"2025-11-28T16:02:21","slug":"gertz-manero-sera-representante-de-mexico-en-una-embajada","status":"publish","type":"post","link":"https:\/\/nvnoticias.mx\/index.php\/2025\/11\/28\/gertz-manero-sera-representante-de-mexico-en-una-embajada\/","title":{"rendered":"Gertz Manero ser\u00e1 representante de M\u00e9xico en una Embajada"},"content":{"rendered":"\n<p><\/p>\n\n\n\n<p>La presidenta Claudia Sheinbaum se\u00f1al\u00f3 que le ofreci\u00f3 una embajada a Alejandro Gertz Manero y \u00e9l acept\u00f3, por lo cual se retir\u00f3 de la Fiscal\u00eda General de la Rep\u00fablica, sin dar a conocer las razones por las cuales hizo esa propuesta.<\/p>\n\n\n\n<p>En la conferencia de prensa matutina en Palacio Nacional, la mandataria celebr\u00f3 que el ex titular de la FGR haya aceptado el ofrecimiento, tras resaltar que llevaba casi siete a\u00f1os en el cargo.<\/p>\n\n\n\n<blockquote class=\"wp-block-quote is-layout-flow wp-block-quote-is-layout-flow\">\n<p>\u201cOfrec\u00ed al Fiscal que pudiera incorporarse como representante de M\u00e9xico en una embajada y \u00e9l acept\u00f3 esta propuesta, ya pronto vamos a decir a d\u00f3nde se va a ir, porque tiene que haber un proceso de la Secretar\u00eda de Relaciones Exteriores con el pa\u00eds y hasta que no se acepte pues las credenciales, entonces no puede anunciarse\u2026<\/p>\n<\/blockquote>\n\n\n\n<p>\u201cLe ofrec\u00ed una embajada, la acept\u00f3 y tiene siete a\u00f1os en la Fiscal\u00eda, est\u00e1 por cumplir siete a\u00f1os y acept\u00f3 ser embajador de M\u00e9xico y qu\u00e9 bueno\u201d, expuso.<\/p>\n\n\n\n<p>Sheinbaum Pardo agreg\u00f3 que en su \u00faltimo d\u00eda, Gertz Manero nombr\u00f3 a Ernestina Godoy como nombrara titular de la Fiscal\u00eda Especializada de Control Competencial, por lo que quedar\u00e1 como encargada de despacho de la FGR.<\/p>\n\n\n\n<p>\u201cAcept\u00f3 el Fiscal, bueno m\u00e1s bien nombr\u00f3 a Ernestina Godoy en una de las \u00e1reas porque la Constituci\u00f3n y la ley de la Fiscal\u00eda establece que se queda una persona encargada\u201d, explic\u00f3.<\/p>\n\n\n\n<p>Desde el sal\u00f3n Tesorer\u00eda, la titular del Ejecutivo Federal hizo un \u00faltimo reconocimiento a Gertz Manero.<\/p>\n\n\n\n<p>Fuente: <a href=\"https:\/\/www.milenio.com\/politica\/sheinbaum-espera-mas-coordinacion-con-nuevo-titular-de-la-fgr\">Milenio<\/a><\/p>\n","protected":false},"excerpt":{"rendered":"<p>La presidenta Claudia Sheinbaum se\u00f1al\u00f3 que le ofreci\u00f3 una embajada a Alejandro Gertz Manero y \u00e9l acept\u00f3, por lo cual se retir\u00f3 de la Fiscal\u00eda General de la Rep\u00fablica, sin dar a conocer las razones por las cuales hizo esa propuesta. En la conferencia de prensa matutina en Palacio Nacional, la mandataria celebr\u00f3 que el [&hellip;]<\/p>\n","protected":false},"author":6,"featured_media":89678,"comment_status":"open","ping_status":"open","sticky":false,"template":"","format":"standard","meta":{"_monsterinsights_skip_tracking":false,"_monsterinsights_sitenote_active":false,"_monsterinsights_sitenote_note":"","_monsterinsights_sitenote_category":0,"footnotes":""},"categories":[158],"tags":[11825],"class_list":["post-202031","post","type-post","status-publish","format-standard","has-post-thumbnail","hentry","category-politica","tag-gertz-manero","wp-image-borders"],"amp_enabled":true,"_links":{"self":[{"href":"https:\/\/nvnoticias.mx\/index.php\/wp-json\/wp\/v2\/posts\/202031","targetHints":{"allow":["GET"]}}],"collection":[{"href":"https:\/\/nvnoticias.mx\/index.php\/wp-json\/wp\/v2\/posts"}],"about":[{"href":"https:\/\/nvnoticias.mx\/index.php\/wp-json\/wp\/v2\/types\/post"}],"author":[{"embeddable":true,"href":"https:\/\/nvnoticias.mx\/index.php\/wp-json\/wp\/v2\/users\/6"}],"replies":[{"embeddable":true,"href":"https:\/\/nvnoticias.mx\/index.php\/wp-json\/wp\/v2\/comments?post=202031"}],"version-history":[{"count":1,"href":"https:\/\/nvnoticias.mx\/index.php\/wp-json\/wp\/v2\/posts\/202031\/revisions"}],"predecessor-version":[{"id":202032,"href":"https:\/\/nvnoticias.mx\/index.php\/wp-json\/wp\/v2\/posts\/202031\/revisions\/202032"}],"wp:featuredmedia":[{"embeddable":true,"href":"https:\/\/nvnoticias.mx\/index.php\/wp-json\/wp\/v2\/media\/89678"}],"wp:attachment":[{"href":"https:\/\/nvnoticias.mx\/index.php\/wp-json\/wp\/v2\/media?parent=202031"}],"wp:term":[{"taxonomy":"category","embeddable":true,"href":"https:\/\/nvnoticias.mx\/index.php\/wp-json\/wp\/v2\/categories?post=202031"},{"taxonomy":"post_tag","embeddable":true,"href":"https:\/\/nvnoticias.mx\/index.php\/wp-json\/wp\/v2\/tags?post=202031"}],"curies":[{"name":"wp","href":"https:\/\/api.w.org\/{rel}","templated":true}]}}