{"id":202023,"date":"2025-11-28T09:39:54","date_gmt":"2025-11-28T15:39:54","guid":{"rendered":"https:\/\/nvnoticias.mx\/?p=202023"},"modified":"2025-11-28T09:39:59","modified_gmt":"2025-11-28T15:39:59","slug":"rocio-nahle-y-la-fge","status":"publish","type":"post","link":"https:\/\/nvnoticias.mx\/index.php\/2025\/11\/28\/rocio-nahle-y-la-fge\/","title":{"rendered":"Roc\u00edo Nahle y la FGE"},"content":{"rendered":"\n<p><\/p>\n\n\n\n<p><strong>Ricardo Chua<\/strong><\/p>\n\n\n\n<p>Luego del tema de las modificaciones que hizo el Congreso del Estado para el relevo del que vaya a ser el titular de la Fiscal\u00eda General del Estado, despu\u00e9s de que los cabildos de los ayuntamientos lo aprueben en Veracruz.. Para que el Ejecutivo estatal pueda remover y designar a los futuros fiscales estatales.. La gobernadora Roc\u00edo Nahle SE PUEDE ANOTAR UN 10 dentro de su administraci\u00f3n estatal y ponerlo como ejemplo en todo el pa\u00eds.. Si la mandataria lograra INDEPENDIZAR a los Servicios Periciales de la FGE, es decir, volverlos un ENTE AUT\u00d3NOMO sin que est\u00e9 por debajo del que se quede como fiscal General.. Es darle autonom\u00eda para una mejor procuraci\u00f3n de la justicia en el Estado..<\/p>\n\n\n\n<p>Roc\u00edo Nahle ser\u00eda la primera gobernadora de MORENA y de la oposici\u00f3n en el pa\u00eds.. De proponerlo y hacerlo, la mandataria estatal pondr\u00eda a Veracruz a la cabeza de este acuerdo que protege los derechos humanos de los ciudadanos de la entidad.. Y eso es algo que ni su m\u00e1s severos cr\u00edticos podr\u00edan criticar.. Le tendr\u00edan que aplaudir.. Ya que al hacerlos entes aut\u00f3nomos los servicios periciales del Estado, estos podr\u00edan hacer sus dict\u00e1menes con m\u00e9todos cient\u00edficos, con capacitaci\u00f3n a su personal y con peritos expertos en una materia que ha evolucionado mucho, como son las PRUEBAS FORENSES.. Ese ser\u00eda el gran reto del gobierno estatal.. Lograr esa independencia y los beneficios ser\u00edan para todos..<\/p>\n\n\n\n<p>Hay que recordar que la Corte Interamericana de Derechos Humanos, en el caso de la activista veracruzana asesinada en la CDMX en el sexenio de Ernesto Zedillo como Presidente, Digna Ochoa, que se sigui\u00f3 en contra del gobierno de M\u00e9xico.. Dio una sentencia que fue dictada el pasado 25 de noviembre del 2021.. Donde se\u00f1al\u00f3 que le daba 2 a\u00f1os a este pa\u00eds para que se independizaran todos los servicios periciales de las fiscal\u00edas que hay en M\u00e9xico.. Y aprovechando que ya est\u00e1n metidos en las modificaciones para proponer como se puede nombrar a un Fiscal del Estado.. S\u00f3lo habr\u00eda que dar un paso para realizar esta autonom\u00eda..<\/p>\n\n\n\n<p>Sin duda, esto costar\u00eda recursos humanos y econ\u00f3micos.. Pero la FGE en Veracruz tiene un presupuesto suficiente para empezar a realizar una inversi\u00f3n de este tipo.. Y es un gran reclamo de la procuraci\u00f3n de justicia. Que los servicios periciales sean manejados por personal con experiencia en estos casos.. Si bien es cierto, esto no es algo que se pueda hacer al momento.. Si podr\u00edan sentar las bases para que en un futuro no muy lejano, la Fiscal\u00eda sea vista como una dependencia que garantice investigaciones reales para poder impartir una verdadera justicia en el Estado.. De plantearlo Roc\u00edo Nahle, tendr\u00e1 la imagen de estadista en el pa\u00eds.. AMEN..<\/p>\n\n\n\n<p>OPOSICI\u00d3N, LA OTRA CRUEL REALIDAD..<\/p>\n\n\n\n<p>Despu\u00e9s de presentar ayer en este espacio la realidad de la oposici\u00f3n en M\u00e9xico.. De como se han olvidado de los temas reales que le interesa a la sociedad y se han subido a agendas que no le importan a la gran mayor\u00eda de los ciudadanos.. Y que por ello, electoralmente han sucumbido durante 7 a\u00f1os con MORENA.. Ahondando en esos datos, el sector de los adultos mayores, seg\u00fan el INEGI, el 50 por ciento se siente depresivo.. Es decir, si bien tienen la pensi\u00f3n de Bienestar y gracias a ella, ya sus familias no los marginan y les dan una &#8220;presa de pollo&#8221; en la comida, por decirlo de manera simulada.. Y que ese dinero los ha dignificado, la realidad es que ese sector de la poblaci\u00f3n, se siguen sintiendo solos..<\/p>\n\n\n\n<p>Se puede decir que esa poblaci\u00f3n se siente abandonada y sin nadie que los pueda entender en la etapa de la vida que est\u00e1n viviendo.. Y que no quieren estar encerrados en un asilo o en alguna casa de asistencia social.. Esto es algo que la oposici\u00f3n tampoco toca.. No hay una narrativa o una agenda para llegar al adulto mayor por esa cuesti\u00f3n.. Al final, MORENA y sus gobiernos les ganaron el &#8220;brinco&#8221; apoy\u00e1ndolos de manera universal a la poblaci\u00f3n adulta de M\u00e9xico.. Ya que para ellos, salir a votar el d\u00eda de las elecciones es un d\u00eda de &#8220;fiesta&#8221;.. Mientras que para el joven, no lo ve como un compromiso ciudadano, m\u00e1s bien lo ve como una &#8220;carga&#8221; en un d\u00eda no laborable..<\/p>\n\n\n\n<p>As\u00ed que si la oposici\u00f3n en Veracruz o M\u00e9xico.. Agendan un programa de acompa\u00f1amiento para el adulto mayor.. Lo mete en sus narrativas pol\u00edticas para llegarle a ese sector de la poblaci\u00f3n, que tiene 7 a\u00f1os, votando en contra de lo que es el PRI, PAN, Movimiento Ciudadano o del desaparecido PRD, ser\u00eda una forma de revertir esa intenci\u00f3n de voto.. Pero los pol\u00edticos de oposici\u00f3n no han entendido esto y no lo hacen.. Ellos siguen en sus posturas de pelearse con MORENA por todo o con la 4T.. Algo que ya no les funciona, le sirvi\u00f3 a Andr\u00e9s Manuel L\u00f3pez Obrador.. Pero a ellos ya no.. La sociedad no quiere ya pol\u00edticos &#8220;destructores&#8221;.. Desea que los gobierne los pol\u00edticos &#8220;constructores&#8221;.. Que haya propuestas, no guerras..<\/p>\n\n\n\n<p>Pero algo le debe quedar bien claro a la oposici\u00f3n.. Que evidentemente no les &#8220;arrancar\u00e1n&#8221; a MORENA ese sector del electorado, no de manera r\u00e1pida.. Pero pueden ir pausados, ganando espacio poco a poco.. Para fortalecerse, para que negocien y luego retoman el poder.. Un poder que no ser\u00e1 obtenido de manera r\u00e1pida.. La 4T est\u00e1 fortalecida.. Tal como el PRD lo hizo con el PRI desde 1994 y con el PAN a partir del 2000 hasta el 2012.. El PRD le fue quitando poco a poco espacios a estos dos partidos, despu\u00e9s en 2015 se vuelven MORENA y luego viene la historia ya conocida.. Gobiernan casi todo el pa\u00eds.. Y la oposici\u00f3n no ocupa esa t\u00e1ctica..<\/p>\n\n\n\n<p>Es la manera, como la oposici\u00f3n puede ir SUPERANDO ese RECHAZO que esa parte de la poblaci\u00f3n les tiene.. Porque ya los gobernaron, no cumplieron sus expectativas, ya los conocen y no les tienen confianza.. Pero el n\u00famero est\u00e1 ah\u00ed.. Son el 50 por ciento de esa poblaci\u00f3n.. Si los partidos opositores entienden que NO HABR\u00c1 &#8220;GOLPE DE SUERTE&#8221; o que &#8220;con un solo tiro&#8221; quieran hacer perder a MORENA.. Y eso no es posible.. Tienen que ir ganando &#8220;batallas&#8221; peque\u00f1as, poco a poco, ir minando e ir sumando.. Ya que querer hacerlo de un &#8220;plumazo&#8221; es algo que no va a pasar.. Por ello, si siguen as\u00ed, s\u00f3lo tendr\u00e1n intentos fallidos.. EL QUE ENTENDI\u00d3, LO ENTENDI\u00d3..<\/p>\n","protected":false},"excerpt":{"rendered":"<p>Ricardo Chua Luego del tema de las modificaciones que hizo el Congreso del Estado para el relevo del que vaya a ser el titular de la Fiscal\u00eda General del Estado, despu\u00e9s de que los cabildos de los ayuntamientos lo aprueben en Veracruz.. Para que el Ejecutivo estatal pueda remover y designar a los futuros fiscales [&hellip;]<\/p>\n","protected":false},"author":29,"featured_media":202024,"comment_status":"open","ping_status":"open","sticky":false,"template":"","format":"standard","meta":{"_monsterinsights_skip_tracking":false,"_monsterinsights_sitenote_active":false,"_monsterinsights_sitenote_note":"","_monsterinsights_sitenote_category":0,"footnotes":""},"categories":[245],"tags":[327],"class_list":["post-202023","post","type-post","status-publish","format-standard","has-post-thumbnail","hentry","category-dialogos-de-poder","tag-ricardo-chua","wp-image-borders"],"amp_enabled":true,"_links":{"self":[{"href":"https:\/\/nvnoticias.mx\/index.php\/wp-json\/wp\/v2\/posts\/202023","targetHints":{"allow":["GET"]}}],"collection":[{"href":"https:\/\/nvnoticias.mx\/index.php\/wp-json\/wp\/v2\/posts"}],"about":[{"href":"https:\/\/nvnoticias.mx\/index.php\/wp-json\/wp\/v2\/types\/post"}],"author":[{"embeddable":true,"href":"https:\/\/nvnoticias.mx\/index.php\/wp-json\/wp\/v2\/users\/29"}],"replies":[{"embeddable":true,"href":"https:\/\/nvnoticias.mx\/index.php\/wp-json\/wp\/v2\/comments?post=202023"}],"version-history":[{"count":2,"href":"https:\/\/nvnoticias.mx\/index.php\/wp-json\/wp\/v2\/posts\/202023\/revisions"}],"predecessor-version":[{"id":202026,"href":"https:\/\/nvnoticias.mx\/index.php\/wp-json\/wp\/v2\/posts\/202023\/revisions\/202026"}],"wp:featuredmedia":[{"embeddable":true,"href":"https:\/\/nvnoticias.mx\/index.php\/wp-json\/wp\/v2\/media\/202024"}],"wp:attachment":[{"href":"https:\/\/nvnoticias.mx\/index.php\/wp-json\/wp\/v2\/media?parent=202023"}],"wp:term":[{"taxonomy":"category","embeddable":true,"href":"https:\/\/nvnoticias.mx\/index.php\/wp-json\/wp\/v2\/categories?post=202023"},{"taxonomy":"post_tag","embeddable":true,"href":"https:\/\/nvnoticias.mx\/index.php\/wp-json\/wp\/v2\/tags?post=202023"}],"curies":[{"name":"wp","href":"https:\/\/api.w.org\/{rel}","templated":true}]}}