{"id":201987,"date":"2025-11-27T12:14:46","date_gmt":"2025-11-27T18:14:46","guid":{"rendered":"https:\/\/nvnoticias.mx\/?p=201987"},"modified":"2025-11-27T12:14:51","modified_gmt":"2025-11-27T18:14:51","slug":"grecia-quiroz-responde-a-criticas-de-norona","status":"publish","type":"post","link":"https:\/\/nvnoticias.mx\/index.php\/2025\/11\/27\/grecia-quiroz-responde-a-criticas-de-norona\/","title":{"rendered":"Grecia Quiroz responde a cr\u00edticas de Noro\u00f1a"},"content":{"rendered":"\n<p><strong>Grecia Quiroz<\/strong>, alcaldesa de Uruapan, Michoac\u00e1n, respondi\u00f3 a los se\u00f1alamientos de\u00a0Gerardo Fern\u00e1ndez Noro\u00f1a\u00a0luego de que intent\u00f3 defender a pol\u00edticos morenistas ante la solicitud de que fueran investigados por el\u00a0asesinato de Carlos Manzo.<\/p>\n\n\n\n<p>La respuesta llega despu\u00e9s de que los comentarios de<strong>\u00a0<\/strong>Fern\u00e1ndez Noro\u00f1a fueron catalogados como mis\u00f3ginos e insensiblespor otras figuras pol\u00edticas del movimiento que lo acobija.<\/p>\n\n\n\n<p>\u201c<strong>Quiz\u00e1 esta persona pueda decir que yo no tengo la experiencia pol\u00edtica<\/strong>\u00a0como quiz\u00e1 \u00e9l se las da en su vida p\u00fablica, pero s\u00ed puedo decirle que en la vida p\u00fablica hay niveles,\u00a0<strong>hay niveles para hablar<\/strong>, para expresarse, para conducirse a\u00a0<strong>una mujer que est\u00e1 viviendo un duelo<\/strong>\u00a0y no se me hace de un caballero que se exprese de esa manera. Si asum\u00ed este cargo fue para honrar la memoria de Carlos\u201d, respondi\u00f3 en entrevista radiof\u00f3nica con\u00a0<em>Azucena Uresti<\/em>.<\/p>\n\n\n\n<p>Record\u00f3 que Carlos Manzo no pertenec\u00eda a ning\u00fan partido pol\u00edtico y ella tampoco, sino que formaron el Movimiento independiente del Sombrero, luego de que Fern\u00e1ndez Noro\u00f1a impulsara la idea de que \u201cest\u00e1 alentada por la fuerza de ultraderecha\u201d.<\/p>\n\n\n\n<p>Fuente: La <a href=\"https:\/\/www.elfinanciero.com.mx\/nacional\/2025\/11\/27\/grecia-quiroz-responde-a-criticas-de-norona-hay-niveles-para-conducirse-a-una-mujer-que-vive-un-duelo\/\">Jornada<\/a> <\/p>\n","protected":false},"excerpt":{"rendered":"<p>Grecia Quiroz, alcaldesa de Uruapan, Michoac\u00e1n, respondi\u00f3 a los se\u00f1alamientos de\u00a0Gerardo Fern\u00e1ndez Noro\u00f1a\u00a0luego de que intent\u00f3 defender a pol\u00edticos morenistas ante la solicitud de que fueran investigados por el\u00a0asesinato de Carlos Manzo. La respuesta llega despu\u00e9s de que los comentarios de\u00a0Fern\u00e1ndez Noro\u00f1a fueron catalogados como mis\u00f3ginos e insensiblespor otras figuras pol\u00edticas del movimiento que lo [&hellip;]<\/p>\n","protected":false},"author":35,"featured_media":201993,"comment_status":"open","ping_status":"open","sticky":false,"template":"","format":"standard","meta":{"_monsterinsights_skip_tracking":false,"_monsterinsights_sitenote_active":false,"_monsterinsights_sitenote_note":"","_monsterinsights_sitenote_category":0,"footnotes":""},"categories":[158],"tags":[8970,32569],"class_list":["post-201987","post","type-post","status-publish","format-standard","has-post-thumbnail","hentry","category-politica","tag-gerardo-fernandez-norona","tag-grecia-quiroz","wp-image-borders"],"amp_enabled":true,"_links":{"self":[{"href":"https:\/\/nvnoticias.mx\/index.php\/wp-json\/wp\/v2\/posts\/201987","targetHints":{"allow":["GET"]}}],"collection":[{"href":"https:\/\/nvnoticias.mx\/index.php\/wp-json\/wp\/v2\/posts"}],"about":[{"href":"https:\/\/nvnoticias.mx\/index.php\/wp-json\/wp\/v2\/types\/post"}],"author":[{"embeddable":true,"href":"https:\/\/nvnoticias.mx\/index.php\/wp-json\/wp\/v2\/users\/35"}],"replies":[{"embeddable":true,"href":"https:\/\/nvnoticias.mx\/index.php\/wp-json\/wp\/v2\/comments?post=201987"}],"version-history":[{"count":6,"href":"https:\/\/nvnoticias.mx\/index.php\/wp-json\/wp\/v2\/posts\/201987\/revisions"}],"predecessor-version":[{"id":201994,"href":"https:\/\/nvnoticias.mx\/index.php\/wp-json\/wp\/v2\/posts\/201987\/revisions\/201994"}],"wp:featuredmedia":[{"embeddable":true,"href":"https:\/\/nvnoticias.mx\/index.php\/wp-json\/wp\/v2\/media\/201993"}],"wp:attachment":[{"href":"https:\/\/nvnoticias.mx\/index.php\/wp-json\/wp\/v2\/media?parent=201987"}],"wp:term":[{"taxonomy":"category","embeddable":true,"href":"https:\/\/nvnoticias.mx\/index.php\/wp-json\/wp\/v2\/categories?post=201987"},{"taxonomy":"post_tag","embeddable":true,"href":"https:\/\/nvnoticias.mx\/index.php\/wp-json\/wp\/v2\/tags?post=201987"}],"curies":[{"name":"wp","href":"https:\/\/api.w.org\/{rel}","templated":true}]}}