{"id":201926,"date":"2025-11-27T10:59:44","date_gmt":"2025-11-27T16:59:44","guid":{"rendered":"https:\/\/nvnoticias.mx\/?p=201926"},"modified":"2025-11-27T10:59:49","modified_gmt":"2025-11-27T16:59:49","slug":"ahued-sera-decision-de-la-fiscal-buscar-o-no-su-continuidad","status":"publish","type":"post","link":"https:\/\/nvnoticias.mx\/index.php\/2025\/11\/27\/ahued-sera-decision-de-la-fiscal-buscar-o-no-su-continuidad\/","title":{"rendered":"Ahued: Ser\u00e1 decisi\u00f3n de la fiscal buscar o no su continuidad"},"content":{"rendered":"\n<p>Por <strong>Sam Ojeda<\/strong><\/p>\n\n\n\n<p>Xalapa.- El secretario de Gobierno, Ricardo Ahued Bardahuil, aclar\u00f3 que la continuidad de la titular de la Fiscal\u00eda General depender\u00e1 \u00fanicamente de ella, luego de la reciente reforma constitucional que redefine la duraci\u00f3n y el procedimiento para encabezar ese organismo.&nbsp;<\/p>\n\n\n\n<p>A\u00f1adi\u00f3 que el cambio a\u00fan no es vigente, pues requiere del aval de los ayuntamientos.<\/p>\n\n\n\n<p>\u201cFalta que se tiene a los 212 municipios apea que se someta al Cabildo y se publique en gaceta para que tenga validez\u201d, indic\u00f3.<\/p>\n\n\n\n<p>Ahued evit\u00f3 adelantar si la fiscal solicitar\u00e1 permanecer en el cargo.<\/p>\n\n\n\n<p>\u201cNo te puedo decir porque ahorita la que est\u00e1 trabajando es la fiscal actual y ella decidir\u00e1; se ha hecho una muy buena labor y ya ser\u00e1 ella quien decida qu\u00e9 pretende hacer en torno al trabajo profesional que realiza\u201d.<\/p>\n\n\n\n<p>Incluso ante versiones de una posible renuncia, el funcionario insisti\u00f3 en que s\u00f3lo corresponde a la propia fiscal definir su postura.<\/p>\n\n\n\n<p>\u201cLo que pasa que al hacer una reforma, presumimos eso pero que que preguntarle a ella qu\u00e9 deseos tiene, c\u00f3mo est\u00e1\u201d.<\/p>\n\n\n\n<p>Record\u00f3 que la reforma reduce el periodo de nueve a cuatro a\u00f1os, con opci\u00f3n a una ratificaci\u00f3n, y que el nombramiento ser\u00e1 propuesto por el Ejecutivo y votado por el Congreso con mayor\u00eda calificada.<\/p>\n\n\n\n<p>\u201cYo la veo todos los d\u00edas en la mesa de seguridad\u2026 y en su momento son ellas las que decidir\u00e1n, no nosotros\u201d, coment\u00f3.<\/p>\n\n\n\n<p>El secretario defendi\u00f3 el nuevo esquema como un mecanismo para revisar el desempe\u00f1o en lapsos m\u00e1s cortos.<\/p>\n\n\n\n<p>\u201cPrimero esperemos que aprueben los municipios una reforma que es correcta\u2026 y que seamos evaluados como todos en menor tiempo\u201d.<\/p>\n\n\n\n<p>A\u00f1adi\u00f3 que la reforma permite tanto la ratificaci\u00f3n como la salida de quien encabece la Fiscal\u00eda seg\u00fan los resultados.<\/p>\n\n\n\n<p>\u201cSi est\u00e1n funcionando sus procesos\u2026 pues que tenga ratificaci\u00f3n o, en su momento, que tenga que dejar el encargo\u201d.<\/p>\n","protected":false},"excerpt":{"rendered":"<p>Por Sam Ojeda Xalapa.- El secretario de Gobierno, Ricardo Ahued Bardahuil, aclar\u00f3 que la continuidad de la titular de la Fiscal\u00eda General depender\u00e1 \u00fanicamente de ella, luego de la reciente reforma constitucional que redefine la duraci\u00f3n y el procedimiento para encabezar ese organismo.&nbsp; A\u00f1adi\u00f3 que el cambio a\u00fan no es vigente, pues requiere del aval [&hellip;]<\/p>\n","protected":false},"author":35,"featured_media":201927,"comment_status":"open","ping_status":"open","sticky":false,"template":"","format":"standard","meta":{"_monsterinsights_skip_tracking":false,"_monsterinsights_sitenote_active":false,"_monsterinsights_sitenote_note":"","_monsterinsights_sitenote_category":0,"footnotes":""},"categories":[156],"tags":[1086],"class_list":["post-201926","post","type-post","status-publish","format-standard","has-post-thumbnail","hentry","category-estado","tag-ricardo-ahued","wp-image-borders"],"amp_enabled":true,"_links":{"self":[{"href":"https:\/\/nvnoticias.mx\/index.php\/wp-json\/wp\/v2\/posts\/201926","targetHints":{"allow":["GET"]}}],"collection":[{"href":"https:\/\/nvnoticias.mx\/index.php\/wp-json\/wp\/v2\/posts"}],"about":[{"href":"https:\/\/nvnoticias.mx\/index.php\/wp-json\/wp\/v2\/types\/post"}],"author":[{"embeddable":true,"href":"https:\/\/nvnoticias.mx\/index.php\/wp-json\/wp\/v2\/users\/35"}],"replies":[{"embeddable":true,"href":"https:\/\/nvnoticias.mx\/index.php\/wp-json\/wp\/v2\/comments?post=201926"}],"version-history":[{"count":2,"href":"https:\/\/nvnoticias.mx\/index.php\/wp-json\/wp\/v2\/posts\/201926\/revisions"}],"predecessor-version":[{"id":201929,"href":"https:\/\/nvnoticias.mx\/index.php\/wp-json\/wp\/v2\/posts\/201926\/revisions\/201929"}],"wp:featuredmedia":[{"embeddable":true,"href":"https:\/\/nvnoticias.mx\/index.php\/wp-json\/wp\/v2\/media\/201927"}],"wp:attachment":[{"href":"https:\/\/nvnoticias.mx\/index.php\/wp-json\/wp\/v2\/media?parent=201926"}],"wp:term":[{"taxonomy":"category","embeddable":true,"href":"https:\/\/nvnoticias.mx\/index.php\/wp-json\/wp\/v2\/categories?post=201926"},{"taxonomy":"post_tag","embeddable":true,"href":"https:\/\/nvnoticias.mx\/index.php\/wp-json\/wp\/v2\/tags?post=201926"}],"curies":[{"name":"wp","href":"https:\/\/api.w.org\/{rel}","templated":true}]}}