{"id":201896,"date":"2025-11-27T10:35:30","date_gmt":"2025-11-27T16:35:30","guid":{"rendered":"https:\/\/nvnoticias.mx\/?p=201896"},"modified":"2025-11-27T10:35:34","modified_gmt":"2025-11-27T16:35:34","slug":"sheinbaum-analiza-viajar-en-diciembre-a-eu-para-sorteo-del-mundial","status":"publish","type":"post","link":"https:\/\/nvnoticias.mx\/index.php\/2025\/11\/27\/sheinbaum-analiza-viajar-en-diciembre-a-eu-para-sorteo-del-mundial\/","title":{"rendered":"Sheinbaum analiza viajar en diciembre a EU para sorteo del Mundial"},"content":{"rendered":"\n<p><em>&nbsp;<\/em>A 196 d\u00edas de la inauguraci\u00f3n del Mundial en el Estadio Azteca, los gobiernos de la Ciudad de M\u00e9xico, Jalisco y Nuevo Le\u00f3n presentaron todas las actividades en torno a este encuentro mundialista y las obras de infraestructura que realizar\u00e1n en las ciudades sedes: remodelaciones aeroportuarias, nuevas vialidades, mejoramiento en transporte p\u00fablico y nuevos espacios p\u00fablicos.&nbsp;<\/p>\n\n\n\n<p>En este marco, la presidenta Claudia Sheinbaum analiza la posibilidad de viajar a Washington el pr\u00f3ximo 5 de diciembre para presenciar el sorteo del Mundial de futbol. Eso depender\u00e1, en primer t\u00e9rmino de la presencia del presidente de Estados Unidos, Donald Trump y la asistencia del primer ministro de Canad\u00e1, Mark Carney. De concretarse, ser\u00eda el primer encuentro personal&nbsp;que Sheinbaum tendr\u00eda con Trump.<\/p>\n\n\n\n<p>A pregunta expresa sobre si en el marco de su asistencia a Washington podr\u00eda sostener una reuni\u00f3n bilateral con Trump, dijo que a\u00fan no est\u00e1 decidido su viaje pero en su caso, de realizarse, un eventual encuentro con el Jefe de La Casa Blanca depender\u00e1 de las agendas pero el objetivo central del viaje ser\u00eda el sorteo pero evidentemente se tiene que coordinar con el pa\u00eds anfitri\u00f3n y a partir de ah\u00ed se ver\u00eda si puede haber un encuentro.<\/p>\n\n\n\n<p>Mencion\u00f3 que ser\u00eda el mi\u00e9rcoles cuando informe si se trasladar\u00e1 a Washington -&#8220;a donde fui invitada por la Federaci\u00f3n Internacional de Futbol Asociaci\u00f3n&#8221; -pero destac\u00f3 que hay muy buena relaci\u00f3n con Estados Unidos y pr\u00e1cticamente ya est\u00e1 subsanado lo de las famosas barreras relacionadas con el tratado comercial.<\/p>\n\n\n\n<p>En lo relativo a las obras a realizar de cara a la justa futbol\u00edstica, Sheinbaum dijo que para colaborar con los gobiernos de las tres entidades involucradas, el gobierno federal aportar\u00e1 entre&nbsp;mil 500 millones y dos mil millones de pesos destinados principalmente para la infraestructura de transporte, en especial el Metro. En la ciudad de M\u00e9xico, para la remodelaci\u00f3n de la l\u00ednea dos del Metro; en Guadalajara para la l\u00ednea 5 del Metro y en Monterrey para las l\u00edneas 4 y 6.<\/p>\n\n\n\n<p>Durante la conferencia presidencial, la Jefa de Gobierno de la Ciudad de M\u00e9xico, Clara Brugada dio a conocer que habr\u00e1 exposiciones en museos alusivos al campeonato de futbol; habr\u00e1 fan fest para que puedan verse los juegos; se rehabilitaron los barrios en torno al Estadio Azteca; se reforzar\u00e1 el transporte con electro movilidad.<\/p>\n\n\n\n<p>Fuente: La <a href=\"https:\/\/www.jornada.com.mx\/noticia\/2025\/11\/27\/deportes\/sheinbaun-analiza-viajar-en-diciembre-a-eu-para-sorteo-del-mundial\">Jornada<\/a><\/p>\n","protected":false},"excerpt":{"rendered":"<p>&nbsp;A 196 d\u00edas de la inauguraci\u00f3n del Mundial en el Estadio Azteca, los gobiernos de la Ciudad de M\u00e9xico, Jalisco y Nuevo Le\u00f3n presentaron todas las actividades en torno a este encuentro mundialista y las obras de infraestructura que realizar\u00e1n en las ciudades sedes: remodelaciones aeroportuarias, nuevas vialidades, mejoramiento en transporte p\u00fablico y nuevos espacios [&hellip;]<\/p>\n","protected":false},"author":35,"featured_media":201898,"comment_status":"open","ping_status":"open","sticky":false,"template":"","format":"standard","meta":{"_monsterinsights_skip_tracking":false,"_monsterinsights_sitenote_active":false,"_monsterinsights_sitenote_note":"","_monsterinsights_sitenote_category":0,"footnotes":""},"categories":[159],"tags":[2801,183,162],"class_list":["post-201896","post","type-post","status-publish","format-standard","has-post-thumbnail","hentry","category-deportes","tag-claudia-sheinbaum","tag-estados-unidos","tag-portada","wp-image-borders"],"amp_enabled":true,"_links":{"self":[{"href":"https:\/\/nvnoticias.mx\/index.php\/wp-json\/wp\/v2\/posts\/201896","targetHints":{"allow":["GET"]}}],"collection":[{"href":"https:\/\/nvnoticias.mx\/index.php\/wp-json\/wp\/v2\/posts"}],"about":[{"href":"https:\/\/nvnoticias.mx\/index.php\/wp-json\/wp\/v2\/types\/post"}],"author":[{"embeddable":true,"href":"https:\/\/nvnoticias.mx\/index.php\/wp-json\/wp\/v2\/users\/35"}],"replies":[{"embeddable":true,"href":"https:\/\/nvnoticias.mx\/index.php\/wp-json\/wp\/v2\/comments?post=201896"}],"version-history":[{"count":3,"href":"https:\/\/nvnoticias.mx\/index.php\/wp-json\/wp\/v2\/posts\/201896\/revisions"}],"predecessor-version":[{"id":201900,"href":"https:\/\/nvnoticias.mx\/index.php\/wp-json\/wp\/v2\/posts\/201896\/revisions\/201900"}],"wp:featuredmedia":[{"embeddable":true,"href":"https:\/\/nvnoticias.mx\/index.php\/wp-json\/wp\/v2\/media\/201898"}],"wp:attachment":[{"href":"https:\/\/nvnoticias.mx\/index.php\/wp-json\/wp\/v2\/media?parent=201896"}],"wp:term":[{"taxonomy":"category","embeddable":true,"href":"https:\/\/nvnoticias.mx\/index.php\/wp-json\/wp\/v2\/categories?post=201896"},{"taxonomy":"post_tag","embeddable":true,"href":"https:\/\/nvnoticias.mx\/index.php\/wp-json\/wp\/v2\/tags?post=201896"}],"curies":[{"name":"wp","href":"https:\/\/api.w.org\/{rel}","templated":true}]}}