{"id":201886,"date":"2025-11-27T09:47:16","date_gmt":"2025-11-27T15:47:16","guid":{"rendered":"https:\/\/nvnoticias.mx\/?p=201886"},"modified":"2025-11-27T09:47:20","modified_gmt":"2025-11-27T15:47:20","slug":"la-cruel-realidad-de-la-oposicion","status":"publish","type":"post","link":"https:\/\/nvnoticias.mx\/index.php\/2025\/11\/27\/la-cruel-realidad-de-la-oposicion\/","title":{"rendered":"La cruel realidad de la oposici\u00f3n"},"content":{"rendered":"\n<p>Por <strong>Ricardo Chua<\/strong><\/p>\n\n\n\n<p>LA CRUEL REALIDAD DE LA OPOSICI\u00d3N..<\/p>\n\n\n\n<p>En este espacio hemos hablado como la oposici\u00f3n en Veracruz y en todo el pa\u00eds, no encuentra un rumbo real para enfrentar a la 4T en M\u00e9xico.. Ya que este suceso, no s\u00f3lo ata\u00f1e a una regi\u00f3n o Estado, sino que sucede en gran parte de esta naci\u00f3n.. La oposici\u00f3n anda perdida buscando una &#8220;narrativa&#8221; para que pueda recuperar el poder en 2027, primero ganando espacio en el Congreso de la Uni\u00f3n y en sus legislaturas estatales.. Para luego buscar pelear la Presidencia de la Rep\u00fablica en 2030.. Pero esa narrativa o argumentaci\u00f3n en contra de MORENA, pareciera que no la encuentran..<\/p>\n\n\n\n<p>Tambi\u00e9n en muchas ocasiones en este sitio.. Se ha se\u00f1alado y criticado algunas de las pol\u00edticas p\u00fablicas de la 4T o de gobiernos emanados de esa coalici\u00f3n que tiene MORENA, PVEM y PT.. Pero lo que es tambi\u00e9n una realidad, que la sociedad civil no puede ocultar.. Es que el problema no son los partidos llamados ahora del &#8220;oficialismo&#8221;, sus gobernantes o representantes populares legislativos.. La culpa de que no haya equidad pol\u00edtica en M\u00e9xico porque MORENA ostenta la mayor\u00eda, son los mismos partidos de la oposici\u00f3n.. Ninguno pero ninguno en 7 a\u00f1os ha logrado hacer &#8220;mella&#8221; real a MORENA.. Ni el PAN, ni Movimiento Ciudadano, menos el PRI.. Del PRD ni hablamos, ya desapareci\u00f3 del escenario electoral..<\/p>\n\n\n\n<p>Tanto as\u00ed, que hasta gran parte de la ciudadan\u00eda, la que participa, la que se activa en las protestas sociales.. La que SI ACUDE A VOTAR y no se echa a &#8220;dormir&#8221; el d\u00eda de las elecciones.. Se\u00f1alan algo muy claro.. Las serias sospechas de que los l\u00edderes opositores de esos partidos.. Sostienen &#8220;acuerdos&#8221; con el &#8220;oficialismo&#8221; o la 4T.. Se quedan callados ante los problemas reales o &#8220;voltean&#8221; para el otro lado.. Simulan pol\u00edticamente su sumisi\u00f3n y simulan medi\u00e1ticamente su oposici\u00f3n.. Al final nada pasa porque ellos no se organizan.. No juegan, no prestan el bal\u00f3n a la sociedad civil, son ellos o no es nadie.. Y as\u00ed van a seguir perdiendo elecciones\u2026<\/p>\n\n\n\n<p>En pol\u00edtica, la negociaci\u00f3n es parte de su entorno.. Pero los pol\u00edticos opositores, a veces realizan acciones, que simplemente hacen que la sociedad sospeche, que &#8220;las peleas son abajo, arriba son acuerdos&#8221;.. Que si bien es cierto en pol\u00edtica, una cosa no est\u00e1 peleada con la otra.. Pero con los temas que realmente afectan a la ciudadan\u00eda, est\u00e1 fuera de su discurso.. Lo cual hace que la sociedad se aleje de ellos, que no voten porque no hay motivaci\u00f3n para ser oposici\u00f3n.. Y muchos ya s\u00f3lo ven como opci\u00f3n el tema de los candidatos independientes.. Emanados de una lucha social regional.. No hay un fen\u00f3meno nacional como en su momento fue Andr\u00e9s Manuel L\u00f3pez Obrador desde el 2012.. Al menos, en la oposici\u00f3n no lo hay..<\/p>\n\n\n\n<p>Hasta los mismos grupos sociales, que antes apoyaban a un partido pol\u00edtico opositor, se abren de esa organizaci\u00f3n cuando se dan cuenta, que estos tienen una agenda pol\u00edtica distinta a la que ellos quieren.. Lo cual provoca que la sociedad no conf\u00ede en ellos y deje de participar o busque otro tipo de opciones.. As\u00ed que lo que provocan es que hay un caos ideol\u00f3gico hasta con sus simpatizantes.. Y cuando estos ven eso, les dicen adi\u00f3s.. Y no esos partidos opositores, no se dan cuenta que las \u00fanicas banderas que les quedan para ganarle a MORENA, son los problemas reales de la gente y las preocupaciones que realmente los ata\u00f1en.. Pero pareciera que la oposici\u00f3n no se da cuenta.. Y la agenda es otra..<\/p>\n\n\n\n<p>Por eso, queda claro en Veracruz, como en gran parte del pa\u00eds.. La preocupaci\u00f3n no debe ser para MORENA, ellos finalmente son el partido en el poder.. El conflicto es para la oposici\u00f3n, que no sabe como llegar a la sociedad, que en 2018 les dio la &#8220;espalda&#8221;.. Y no tienen idea de como recuperar su confianza.. Y mientras contin\u00faen as\u00ed, la 4T va a tener los triunfos necesarios para consolidarse.. A lo mejor ya no &#8220;arrasa&#8221; electoralmente, pero con lo que tienen, les alcanza para sortear el 2027 y 2030.. Sus divisiones, sus peleas y no ir unidos como oposici\u00f3n.. S\u00f3lo provocan que la sociedad no los voltee.. \u00bfPara qu\u00e9?\u2026 \u00bfSirve de algo?..<\/p>\n\n\n\n<p>Seg\u00fan el famoso consultor en Comunicaci\u00f3n Pol\u00edtica en redes sociales, el veracruzano, Christian Camacho, asesor medi\u00e1tico en muchas campa\u00f1as pol\u00edticas en M\u00e9xico y de grupos legislativos en el pa\u00eds.. Enfatiza lo siguiente sobre la oposici\u00f3n pol\u00edtica en el foro &#8220;Cumbre Viva M\u00e9xico&#8221; al que fue invitado de conferencista y menciona: &#8220;\u00bfPor qu\u00e9 la oposici\u00f3n, no m\u00e1s como que no agarra, como qu\u00e9 no cuaja, c\u00f3mo qu\u00e9 no pega?.. Y por m\u00e1s que lo intenta y por m\u00e1s que lo hace, no lo logra.. A lo mejor ustedes, ya lo saben, pero s\u00ed es muy importante volver a retratarlos y ver la raz\u00f3n porque sus proyectos pol\u00edticos, no est\u00e1n pegando&#8221;..<\/p>\n\n\n\n<p>Insiste el consultor Camacho: &#8220;Estas son algunas estad\u00edsticas de los j\u00f3venes de los 15 a los 29 a\u00f1os de edad, que las tome del mismo INEGI, las cuales se\u00f1alan que el 58 por ciento de los j\u00f3venes de esas edades, trabajan en la informalidad. Mientras que el 60 por ciento de sus ingresos de esas personas, va destinado a pagar la renta de su vivienda, mientras que el 50 por ciento de ellos viven con sus padres y el otro 80 por ciento de j\u00f3venes en total de esa edad, no tienen un autom\u00f3vil. \u00bfCu\u00e1ndo han hablado a alguien de la oposici\u00f3n pol\u00edtica, hablar de estos temas?. \u00bfDe qu\u00e9 hablan?&#8221;..<\/p>\n\n\n\n<p>Contin\u00faa diciendo: &#8220;Estos personajes solo se pelean todos los d\u00edas con MORENA, se pelean todos los d\u00edas con Claudia Shienbaum, se pelean con los gobernadores o diputados o senadores de MORENA, los del PVEM o el PT seg\u00fan sea el caso, un d\u00eda hablan de la Refiner\u00eda de -Dos Bocas-, del Tren Maya o el Aeropuerto -Felipe \u00c1ngeles-, otro d\u00eda hablan del -patriarcado-, otro d\u00eda dicen que las infancias trans, esos son sus temas, pero y las preocupaciones reales de ese sector de la poblaci\u00f3n son estas, cu\u00e1ndo hablan de econom\u00eda de esos j\u00f3venes que son los que pueden votar por ellos. Su poblaci\u00f3n electorera no est\u00e1 en el adulto mayor, son los j\u00f3venes y los ignoran. As\u00ed no le van a ganar en a\u00f1os a MORENA&#8221;..<\/p>\n\n\n\n<p>REFLEXI\u00d3N.. No importa el foro, no importa el espacio o el sitio pol\u00edtico en alg\u00fan lugar de este pa\u00eds.. Tampoco importa el Estado en donde se encuentren.. La realidad es que la oposici\u00f3n est\u00e1 perdida y desubicada de su argumentaci\u00f3n pol\u00edtica.. 7 a\u00f1os bastaron para &#8220;minar&#8221; de tal forma su resistencia.. Que ni siquiera han podido encontrar el argumento para que un pa\u00eds con tan poca cultura pol\u00edtica como es M\u00e9xico, pueda confiar de nuevo en ellos.. Menos si no tienen coaliciones fuertes y piensan que con ellos bastan.. Lo han perdido todo y pecan de soberbios.. As\u00ed tampoco se puede.. Y lo que va a pasar, es que por esa y muchas cosas m\u00e1s, habr\u00e1 MORENA y 4T para rato.. EL QUE ENTENDI\u00d3, LO ENTENDI\u00d3.. AMEN<\/p>\n","protected":false},"excerpt":{"rendered":"<p>Por Ricardo Chua LA CRUEL REALIDAD DE LA OPOSICI\u00d3N.. En este espacio hemos hablado como la oposici\u00f3n en Veracruz y en todo el pa\u00eds, no encuentra un rumbo real para enfrentar a la 4T en M\u00e9xico.. Ya que este suceso, no s\u00f3lo ata\u00f1e a una regi\u00f3n o Estado, sino que sucede en gran parte de [&hellip;]<\/p>\n","protected":false},"author":29,"featured_media":201887,"comment_status":"open","ping_status":"open","sticky":false,"template":"","format":"standard","meta":{"_monsterinsights_skip_tracking":false,"_monsterinsights_sitenote_active":false,"_monsterinsights_sitenote_note":"","_monsterinsights_sitenote_category":0,"footnotes":""},"categories":[245],"tags":[327],"class_list":["post-201886","post","type-post","status-publish","format-standard","has-post-thumbnail","hentry","category-dialogos-de-poder","tag-ricardo-chua","wp-image-borders"],"amp_enabled":true,"_links":{"self":[{"href":"https:\/\/nvnoticias.mx\/index.php\/wp-json\/wp\/v2\/posts\/201886","targetHints":{"allow":["GET"]}}],"collection":[{"href":"https:\/\/nvnoticias.mx\/index.php\/wp-json\/wp\/v2\/posts"}],"about":[{"href":"https:\/\/nvnoticias.mx\/index.php\/wp-json\/wp\/v2\/types\/post"}],"author":[{"embeddable":true,"href":"https:\/\/nvnoticias.mx\/index.php\/wp-json\/wp\/v2\/users\/29"}],"replies":[{"embeddable":true,"href":"https:\/\/nvnoticias.mx\/index.php\/wp-json\/wp\/v2\/comments?post=201886"}],"version-history":[{"count":1,"href":"https:\/\/nvnoticias.mx\/index.php\/wp-json\/wp\/v2\/posts\/201886\/revisions"}],"predecessor-version":[{"id":201888,"href":"https:\/\/nvnoticias.mx\/index.php\/wp-json\/wp\/v2\/posts\/201886\/revisions\/201888"}],"wp:featuredmedia":[{"embeddable":true,"href":"https:\/\/nvnoticias.mx\/index.php\/wp-json\/wp\/v2\/media\/201887"}],"wp:attachment":[{"href":"https:\/\/nvnoticias.mx\/index.php\/wp-json\/wp\/v2\/media?parent=201886"}],"wp:term":[{"taxonomy":"category","embeddable":true,"href":"https:\/\/nvnoticias.mx\/index.php\/wp-json\/wp\/v2\/categories?post=201886"},{"taxonomy":"post_tag","embeddable":true,"href":"https:\/\/nvnoticias.mx\/index.php\/wp-json\/wp\/v2\/tags?post=201886"}],"curies":[{"name":"wp","href":"https:\/\/api.w.org\/{rel}","templated":true}]}}