{"id":201770,"date":"2025-11-26T09:53:13","date_gmt":"2025-11-26T15:53:13","guid":{"rendered":"https:\/\/nvnoticias.mx\/?p=201770"},"modified":"2025-11-26T09:53:54","modified_gmt":"2025-11-26T15:53:54","slug":"de-los-movimientos-sociales-al-activismo-digital","status":"publish","type":"post","link":"https:\/\/nvnoticias.mx\/index.php\/2025\/11\/26\/de-los-movimientos-sociales-al-activismo-digital\/","title":{"rendered":"De los movimientos sociales al activismo digital"},"content":{"rendered":"\n<p><\/p>\n\n\n\n<div class=\"wp-block-group is-nowrap is-layout-flex wp-container-core-group-is-layout-ad2f72ca wp-block-group-is-layout-flex\">\n<figure class=\"wp-block-image size-large is-resized\"><img loading=\"lazy\" decoding=\"async\" width=\"714\" height=\"1024\" src=\"https:\/\/nvnoticias.mx\/wp-content\/uploads\/2025\/11\/WhatsApp-Image-2025-11-11-at-12.10.00-PM-714x1024.jpeg\" alt=\"\" class=\"wp-image-201771\" style=\"width:175px;height:auto\" srcset=\"https:\/\/nvnoticias.mx\/wp-content\/uploads\/2025\/11\/WhatsApp-Image-2025-11-11-at-12.10.00-PM-714x1024.jpeg 714w, https:\/\/nvnoticias.mx\/wp-content\/uploads\/2025\/11\/WhatsApp-Image-2025-11-11-at-12.10.00-PM-209x300.jpeg 209w, https:\/\/nvnoticias.mx\/wp-content\/uploads\/2025\/11\/WhatsApp-Image-2025-11-11-at-12.10.00-PM-768x1101.jpeg 768w, https:\/\/nvnoticias.mx\/wp-content\/uploads\/2025\/11\/WhatsApp-Image-2025-11-11-at-12.10.00-PM.jpeg 828w\" sizes=\"auto, (max-width: 714px) 100vw, 714px\" \/><\/figure>\n\n\n\n<p><strong>Aristeo Garc\u00eda Gonz\u00e1lez<\/strong> <\/p>\n\n\n\n<p>Licenciado en derecho por la UMSNH y maestr\u00eda en gobierno y pol\u00edtica p\u00fablica.<\/p>\n<\/div>\n\n\n\n<p><em>Resumen<\/em>. El presente trabajo es un breve estudio de como las manifestaciones en el espacio f\u00edsico se han ido trasladando al mundo virtual, este \u00faltimo teniendo como elementos clave la interacci\u00f3n en las redes sociales y su permanencia con un s\u00f3lo objetivo, lograron cambios legislativos y sociales profundos.<\/p>\n\n\n\n<h1 class=\"wp-block-heading\">INTRODUCCI\u00d2N.<\/h1>\n\n\n\n<p>La evoluci\u00f3n y desarrollo de la tecnolog\u00eda ha tra\u00eddo consigo diversos cambios, no solo en la vida de las personas, sino tambi\u00e9n para los diversos grupos sociales. Al grado de que todas aquellas inconformidades que se hac\u00eda presentes en el espacio f\u00edsico comienzan a tener un mayor auge.<\/p>\n\n\n\n<p>A\u00fan y cuando el t\u00e9rmino &#8220;activismo&#8221; es relativamente moderno, su pr\u00e1ctica es tan antigua como la sociedad misma. Algunos de movimientos m\u00e1s ilustrativos y recientes, es el caso del Ejercito Zapatistas de Liberaci\u00f3n Nacional en M\u00e9xico (1994), la Primavera \u00c1rabe (2010-2012), el movimiento <em>Metoo <\/em>(2017), por citar algunos. Mientras que en la antig\u00fcedad las rebeliones de esclavos en el Imperio Romano o las revueltas campesinas en la Edad Media fueron formas tempranas de activismo, aunque a menudo eran espont\u00e1neas y carec\u00edan de una organizaci\u00f3n sostenida.<\/p>\n\n\n\n<p>En la actualidad, el activismo ha evolucionado desde protestas locales y f\u00edsicas hasta movimientos globales e interconectados, marcados por hitos como la lucha por los derechos laborales, civiles y humanos, y transformados radicalmente por la llegada de la globalizaci\u00f3n y la tecnolog\u00eda digital. Veamos como se ha dado esa transformaci\u00f3n.<\/p>\n\n\n\n<h1 class=\"wp-block-heading\">DESARROLLO<\/h1>\n\n\n\n<p>Los movimientos sociales comenzaron a tomar forma con la Ilustraci\u00f3n en el siglo XVIII, \u00e9poca donde se promovieron las ideas sobre derechos naturales, libertad y soberan\u00eda popular. En eso entonces, comenz\u00f3 a hablarse de movimientos sociales cuya idea original fue la inconformidad humana con una injusticia y el deseo colectivo de cambiarla. El siglo XX vio la consolidaci\u00f3n de movimientos sociales organizados que luchaban por derechos espec\u00edficos y que lograron cambios legislativos y sociales profundos. Siendo un elemento adicional, la llegada del desarrollo tecnol\u00f3gico.<\/p>\n\n\n\n<p>Raz\u00f3n por la cual resulta de importancia tener claro una diferencia entre los que debemos entender por \u201cmovimiento social\u201d y \u201cactivismo digital\u201d. Mientras que el primero es un cuerpo completo de la<\/p>\n\n\n\n<p>lucha, es decir, es una causa estrat\u00e9gica en el tiempo. El segundo hace uso de las herramientas m\u00e1s poderosas, Internet y las redes sociales, lo que lo convierte en una `t\u00e1ctica<a href=\"#_bookmark0\"><sup>1<\/sup>.<\/a><\/p>\n\n\n\n<p>Si bien es cierto, el activismo &#8211;<em>digital<\/em>&#8211; a pesar de no se un concepto nuevo, su alcance ha crecido de manera exponencial, lo que ha llevado a redefinir la cultura social contempor\u00e1nea. Esto es, las redes sociales se han convertido en plataformas donde los ciudadanos se movilizan para expresar sus opiniones, luchar por la justicia social y promover cambios significativos, situaci\u00f3n que, en el caso de los movimientos sociales, se hac\u00eda presente principalmente en las capitales de las ciudades del mundo.<\/p>\n\n\n\n<p>Hoy en d\u00eda, las capitales han dejado de ser el punto central de los movimientos sociales, puesto que con el auge y uso de las redes sociales el activismo digital como herramienta los hace m\u00e1s eficiente. Por ejemplo en el caso mexicano, la <em>Encuesta Nacional sobre Disponibilidad y Uso de las Tecnolog\u00edas de la Informaci\u00f3n (2025)<\/em>, realizada por el Instituto Nacional de Estad\u00edstica Geograf\u00eda (INEGI), da cuenta de ello, dicha encuesta se\u00f1ala la cantidad de personas (100.2 millones) que hacen uso de Internet. Mientras que un total de 87.5 millones se conectan a diversas plataformas digitales y redes sociales,<\/p>\n\n\n\n<p>Lo anterior, nos puede dar una idea el hecho de que un gran n\u00famero de personas que hacen uso de las redes sociales les da la opci\u00f3n de participar como una extensi\u00f3n de los movimientos sociales tradicionales al poder conocer e interactuar con la realidad que vive la sociedad en diversas latitudes. De ah\u00ed que pueda decirse que el activismo digital no ha venido a reemplazar a los movimientos sociales tradicionales. Sin embargo, se han convertido en una herramienta poderosa que ha trasformado la manera en que operan, lo cual ha dado origen a un activismo medi\u00e1tico h\u00edbrido que combina la acci\u00f3n <em>online <\/em>y <em>offline<\/em><a href=\"#_bookmark1\"><em><sup>2<\/sup><\/em>,<\/a> el hecho de que un gran n\u00famero de mexicanos est\u00e9n conectados a Internet<\/p>\n\n\n\n<p>No cabe duda, tanto los movimientos sociales como el activismo digital comparten un objetivo fundamental, buscar el cambio social y cuestionar las estructuras de poder existentes, la injusticia o la falta de representaci\u00f3n. Ve\u00e1moslo de manera m\u00e1s precisa:<\/p>\n\n\n\n<p><a id=\"_bookmark0\"><\/a><sup>1<\/sup> <em>Vid<\/em>. Schlogl, Lukas (2024). <em>Digital Activism and the global middle class. <\/em><em>Generation Hashtag<\/em>. Taylor &amp; Francis Ltd. New England, p. 59.<\/p>\n\n\n\n<p><a id=\"_bookmark1\"><\/a><sup>2<\/sup> <em>Vid. <\/em>Trer\u00e8, Emiliano (2020). <em>Activismo medi\u00e1tico h\u00edbrido. Ecolog\u00edas, imaginarios, algoritmos. <\/em>Documento No. 16. Friedrich Ebert Stiftung. Bogot\u00e1.<\/p>\n\n\n\n<figure class=\"wp-block-table\"><table class=\"has-fixed-layout\"><tbody><tr><td>Similitud<\/td><td>Descripci\u00f3n<\/td><\/tr><tr><td>B\u00fasqueda&nbsp;&nbsp;&nbsp;&nbsp;&nbsp;&nbsp;&nbsp;&nbsp;&nbsp;&nbsp;&nbsp;&nbsp;&nbsp;&nbsp;&nbsp;&nbsp;&nbsp;&nbsp; de Cambio Social<\/td><td>El fin \u00faltimo de ambos es movilizar a las personas para influir en pol\u00edticas, actitudes o estructuras sociales.<\/td><\/tr><tr><td>Generaci\u00f3n de Conciencia<\/td><td>Ambos buscan sensibilizar a una amplia opini\u00f3n p\u00fablica sobre un problema, transformando las protestas en exigencias de justicia razonables.<\/td><\/tr><tr><td>Identidad Colectiva<\/td><td>Crean un sentido de pertenencia y unidad al agrupar a individuos con intereses, valores u objetivos comunes.<\/td><\/tr><tr><td>&nbsp; Uso&nbsp;&nbsp;&nbsp;&nbsp;&nbsp;&nbsp;&nbsp;&nbsp;&nbsp;&nbsp;&nbsp;&nbsp;&nbsp;&nbsp;&nbsp;&nbsp;&nbsp;&nbsp; de Recursos<\/td><td>Aunque diferentes, ambos dependen de recursos (humanos, materiales, comunicacionales) para su existencia y expansi\u00f3n. El activismo digital se apoya en recursos tecnol\u00f3gicos, mientras que los movimientos sociales tradicionales se enfocan m\u00e1s en la movilizaci\u00f3n f\u00edsica y la organizaci\u00f3n jer\u00e1rquica.<\/td><\/tr><\/tbody><\/table><\/figure>\n\n\n\n<p>Aunado a lo anterior, resulta de relevancia conocer su estructura y organizaci\u00f3n que existen entre los movimientos sociales y el activismo, sobre todo, al tener como elemento com\u00fan el cambio:<\/p>\n\n\n\n<figure class=\"wp-block-table\"><table class=\"has-fixed-layout\"><tbody><tr><td>Aspecto<\/td><td>Movimientos Sociales<\/td><td>Activismo Digital<\/td><\/tr><tr><td>&nbsp; &nbsp; Estructura<\/td><td>Tienden a tener estructuras m\u00e1s jerarquizadas, con l\u00edderes y cuadros directivos definidos (aunque los movimientos sociales contempor\u00e1neos tambi\u00e9n han adoptado modelos m\u00e1s horizontales).<\/td><td>Son intr\u00ednsecamente m\u00e1s horizontales y descentralizados, funcionando a trav\u00e9s de redes sin un centro identificable. La ausencia de cuadros profesionales es com\u00fan.<\/td><\/tr><tr><td>&nbsp; Vulnerabilidad<\/td><td>La represi\u00f3n o la cooptaci\u00f3n de l\u00edderes puede afectar seriamente su capacidad operativa.<\/td><td>Es menos vulnerable a la represi\u00f3n al no tener un centro f\u00edsico o un liderazgo \u00fanico, lo que permite una existencia continuada en la red.<\/td><\/tr><tr><td>&nbsp; Velocidad&nbsp;&nbsp;&nbsp;&nbsp;&nbsp;&nbsp;&nbsp;&nbsp;&nbsp;&nbsp;&nbsp;&nbsp;&nbsp;&nbsp;&nbsp;&nbsp;&nbsp;&nbsp;&nbsp; de Formaci\u00f3n<\/td><td>Requieren m\u00e1s tiempo y esfuerzo para construir una base s\u00f3lida, organizar asambleas y establecer una log\u00edstica presencial.<\/td><td>Pueden formarse y disolverse r\u00e1pidamente en respuesta a un hecho pol\u00edtico o social, mostrando un gran dinamismo.<\/td><\/tr><\/tbody><\/table><\/figure>\n\n\n\n<h1 class=\"wp-block-heading\">Conclusiones.<\/h1>\n\n\n\n<p>Para concluir, la llegada del activismo digital no significa que reemplazara a los movimientos sociales tradicionales, toda vez que se trata de una herramienta poderosa y medi\u00e1tica que puede llegar a transformar la manera en como operan, dando como consecuencia un activismo h\u00edbrido. El cual combina dos elementos en acci\u00f3n en l\u00ednea y fuera de l\u00ednea.<\/p>\n\n\n\n<p>Esto es, el activismo digital en la pr\u00e1ctica act\u00faa como un facilitador y amplificador de los movimientos sociales, no se trata de un sustitutivo, sino de un \u00e1mbito que complementa la acci\u00f3n de dichos movimientos.<\/p>\n\n\n\n<p>Finalmente, el activismo ha pasado de ser una reacci\u00f3n localizada contra una autoridad espec\u00edfica a una red compleja y global de ciudadanos interconectados que luchan por una amplia gama de causas, utilizando tanto las calles como las redes para exigir un mundo m\u00e1s justo.<\/p>\n","protected":false},"excerpt":{"rendered":"<p>Aristeo Garc\u00eda Gonz\u00e1lez Licenciado en derecho por la UMSNH y maestr\u00eda en gobierno y pol\u00edtica p\u00fablica. Resumen. El presente trabajo es un breve estudio de como las manifestaciones en el espacio f\u00edsico se han ido trasladando al mundo virtual, este \u00faltimo teniendo como elementos clave la interacci\u00f3n en las redes sociales y su permanencia con [&hellip;]<\/p>\n","protected":false},"author":47,"featured_media":201772,"comment_status":"open","ping_status":"open","sticky":false,"template":"","format":"standard","meta":{"_monsterinsights_skip_tracking":false,"_monsterinsights_sitenote_active":false,"_monsterinsights_sitenote_note":"","_monsterinsights_sitenote_category":0,"footnotes":""},"categories":[28827],"tags":[],"class_list":["post-201770","post","type-post","status-publish","format-standard","has-post-thumbnail","hentry","category-los-estudiantes-opinan","wp-image-borders"],"amp_enabled":true,"_links":{"self":[{"href":"https:\/\/nvnoticias.mx\/index.php\/wp-json\/wp\/v2\/posts\/201770","targetHints":{"allow":["GET"]}}],"collection":[{"href":"https:\/\/nvnoticias.mx\/index.php\/wp-json\/wp\/v2\/posts"}],"about":[{"href":"https:\/\/nvnoticias.mx\/index.php\/wp-json\/wp\/v2\/types\/post"}],"author":[{"embeddable":true,"href":"https:\/\/nvnoticias.mx\/index.php\/wp-json\/wp\/v2\/users\/47"}],"replies":[{"embeddable":true,"href":"https:\/\/nvnoticias.mx\/index.php\/wp-json\/wp\/v2\/comments?post=201770"}],"version-history":[{"count":3,"href":"https:\/\/nvnoticias.mx\/index.php\/wp-json\/wp\/v2\/posts\/201770\/revisions"}],"predecessor-version":[{"id":201775,"href":"https:\/\/nvnoticias.mx\/index.php\/wp-json\/wp\/v2\/posts\/201770\/revisions\/201775"}],"wp:featuredmedia":[{"embeddable":true,"href":"https:\/\/nvnoticias.mx\/index.php\/wp-json\/wp\/v2\/media\/201772"}],"wp:attachment":[{"href":"https:\/\/nvnoticias.mx\/index.php\/wp-json\/wp\/v2\/media?parent=201770"}],"wp:term":[{"taxonomy":"category","embeddable":true,"href":"https:\/\/nvnoticias.mx\/index.php\/wp-json\/wp\/v2\/categories?post=201770"},{"taxonomy":"post_tag","embeddable":true,"href":"https:\/\/nvnoticias.mx\/index.php\/wp-json\/wp\/v2\/tags?post=201770"}],"curies":[{"name":"wp","href":"https:\/\/api.w.org\/{rel}","templated":true}]}}