{"id":201705,"date":"2025-11-25T10:08:53","date_gmt":"2025-11-25T16:08:53","guid":{"rendered":"https:\/\/nvnoticias.mx\/?p=201705"},"modified":"2025-11-25T10:08:57","modified_gmt":"2025-11-25T16:08:57","slug":"gobierno-presenta-avances-del-plan-integral-contra-el-abuso-sexual","status":"publish","type":"post","link":"https:\/\/nvnoticias.mx\/index.php\/2025\/11\/25\/gobierno-presenta-avances-del-plan-integral-contra-el-abuso-sexual\/","title":{"rendered":"Gobierno presenta avances del Plan Integral contra el Abuso Sexual"},"content":{"rendered":"\n<p>En el marco del D\u00eda Internacional de Erradicaci\u00f3n de la Violencia contra las Mujeres, el gobierno federal present\u00f3 los avances del Plan Integral&nbsp;contra el abuso, en el cual destaca la homologaci\u00f3n del tipo penal en los 32 estados del pa\u00eds. La secretaria de las Mujeres, Citlalli Hern\u00e1ndez dijo que se ha impulsado la modificaci\u00f3n del art\u00edculo 260 del C\u00f3digo Penal Federal para ampliar la definici\u00f3n de esta pr\u00e1ctica, establecer sanciones penales de 3 a 7 a\u00f1os de c\u00e1rcel y multa entre 200 y 500 Unidades de Medida Administrativa.<\/p>\n\n\n\n<p>Hern\u00e1ndez dijo que en paralelo se ha promovido la homologaci\u00f3n de este delito en los c\u00f3digos penales estatales, por lo cual en 22 entidades las iniciativas est\u00e1n inscritas, en diez m\u00e1s se presenta la iniciativa hoy.&nbsp;<\/p>\n\n\n\n<p>La secretaria dijo que se tipifica como acoso cualquier acto de naturaleza sexual, tocamiento, caricia, exhibiciones sexuales expl\u00edcitas. Estas pr\u00e1cticas podr\u00e1n realizarse en el \u00e1mbito p\u00fablico y privado, destacando que ahora se perseguir\u00e1 este delito de oficio estableci\u00e9ndose que no s\u00f3lo se establecer\u00e1n sanciones penales y econ\u00f3micas sino tambi\u00e9n la obligatoriedad de quien incurra en esta pr\u00e1cticas de tomar talleres de concientizaci\u00f3n de la violencia contra la mujer.<\/p>\n\n\n\n<p>Hizo un llamado a que esta campa\u00f1a por la erradicaci\u00f3n de la violencia a las mujeres no es contra los hombres&nbsp;sino que es una lucha contra el machismo, porque los hombres pueden caminar junto con las mujeres. Hay muchos hombres que quieren abonar por una realidad justa y sin violencia, un cambio cultural.<\/p>\n\n\n\n<p>Consider\u00f3 necesario visibilizar que la violencia contra la mujer no es un conjunto de casos aislados sino un problema estructural. El&nbsp;70 por ciento de las mujeres mayores de 15 a\u00f1os ha sufrido alg\u00fan tipo de violencia y de esta proporci\u00f3n el 49.7 por ciento ha enfrentado violencia sexual pues de cada diez denuncias de abuso sexual, nueve son mujeres.<\/p>\n\n\n\n<p>En ocasi\u00f3n de este d\u00eda internacional de erradicaci\u00f3n&nbsp;de la violencia contra las mujeres, se anunciaron un conjunto de actividades de difusi\u00f3n a partir de hoy y durante los pr\u00f3ximos 16 d\u00edas.<\/p>\n\n\n\n<p>Fuente: La <a href=\"https:\/\/www.jornada.com.mx\/noticia\/2025\/11\/25\/politica\/gobierno-presenta-avances-del-plan-integral-contra-el-abuso\">Jornada<\/a> <\/p>\n","protected":false},"excerpt":{"rendered":"<p>En el marco del D\u00eda Internacional de Erradicaci\u00f3n de la Violencia contra las Mujeres, el gobierno federal present\u00f3 los avances del Plan Integral&nbsp;contra el abuso, en el cual destaca la homologaci\u00f3n del tipo penal en los 32 estados del pa\u00eds. La secretaria de las Mujeres, Citlalli Hern\u00e1ndez dijo que se ha impulsado la modificaci\u00f3n del [&hellip;]<\/p>\n","protected":false},"author":35,"featured_media":201708,"comment_status":"open","ping_status":"open","sticky":false,"template":"","format":"standard","meta":{"_monsterinsights_skip_tracking":false,"_monsterinsights_sitenote_active":false,"_monsterinsights_sitenote_note":"","_monsterinsights_sitenote_category":0,"footnotes":""},"categories":[158],"tags":[657,299,162],"class_list":["post-201705","post","type-post","status-publish","format-standard","has-post-thumbnail","hentry","category-politica","tag-abuso-sexual","tag-gobierno","tag-portada","wp-image-borders"],"amp_enabled":true,"_links":{"self":[{"href":"https:\/\/nvnoticias.mx\/index.php\/wp-json\/wp\/v2\/posts\/201705","targetHints":{"allow":["GET"]}}],"collection":[{"href":"https:\/\/nvnoticias.mx\/index.php\/wp-json\/wp\/v2\/posts"}],"about":[{"href":"https:\/\/nvnoticias.mx\/index.php\/wp-json\/wp\/v2\/types\/post"}],"author":[{"embeddable":true,"href":"https:\/\/nvnoticias.mx\/index.php\/wp-json\/wp\/v2\/users\/35"}],"replies":[{"embeddable":true,"href":"https:\/\/nvnoticias.mx\/index.php\/wp-json\/wp\/v2\/comments?post=201705"}],"version-history":[{"count":2,"href":"https:\/\/nvnoticias.mx\/index.php\/wp-json\/wp\/v2\/posts\/201705\/revisions"}],"predecessor-version":[{"id":201707,"href":"https:\/\/nvnoticias.mx\/index.php\/wp-json\/wp\/v2\/posts\/201705\/revisions\/201707"}],"wp:featuredmedia":[{"embeddable":true,"href":"https:\/\/nvnoticias.mx\/index.php\/wp-json\/wp\/v2\/media\/201708"}],"wp:attachment":[{"href":"https:\/\/nvnoticias.mx\/index.php\/wp-json\/wp\/v2\/media?parent=201705"}],"wp:term":[{"taxonomy":"category","embeddable":true,"href":"https:\/\/nvnoticias.mx\/index.php\/wp-json\/wp\/v2\/categories?post=201705"},{"taxonomy":"post_tag","embeddable":true,"href":"https:\/\/nvnoticias.mx\/index.php\/wp-json\/wp\/v2\/tags?post=201705"}],"curies":[{"name":"wp","href":"https:\/\/api.w.org\/{rel}","templated":true}]}}