{"id":201666,"date":"2025-11-25T08:40:23","date_gmt":"2025-11-25T14:40:23","guid":{"rendered":"https:\/\/nvnoticias.mx\/?p=201666"},"modified":"2025-11-25T08:40:28","modified_gmt":"2025-11-25T14:40:28","slug":"partidos-politicos-detras-de-protestas-de-transportistas-rosa-icela-rodriguez","status":"publish","type":"post","link":"https:\/\/nvnoticias.mx\/index.php\/2025\/11\/25\/partidos-politicos-detras-de-protestas-de-transportistas-rosa-icela-rodriguez\/","title":{"rendered":"Partidos pol\u00edticos, detr\u00e1s de protestas de transportistas: Rosa Icela Rodr\u00edguez"},"content":{"rendered":"\n<p>La oposici\u00f3n en el Senado y C\u00e1mara de Diputados pidi\u00f3 al gobierno no equivocarse, ya que los bloqueos de transportistas son producto de la incontrolable inseguridad en las carreteras, mientras Morena pidi\u00f3 a la secretaria de Gobernaci\u00f3n, Rosa Icela Rodr\u00edguez, dar a conocer cu\u00e1les son los intereses pol\u00edticos que hay detr\u00e1s de esas movilizaciones.<\/p>\n\n\n\n<p>Ello, luego de que la funcionaria se\u00f1al\u00f3 que no se entienden dichas manifestaciones, a menos que haya motivaciones pol\u00edticas.<\/p>\n\n\n\n<p>El coordinador del Partido Revolucionario Institucional (PRI) en San L\u00e1zaro, Rub\u00e9n Moreira, consider\u00f3 que la titular de Gobernaci\u00f3n hace mal en tratar de minimizar el reclamo que hay en el pa\u00eds por los asaltos en carreteras y pretender distraer la atenci\u00f3n con sus dichos.<\/p>\n\n\n\n<p>A la pregunta de si su partido est\u00e1 detr\u00e1s de los bloqueos, respondi\u00f3 que el&nbsp;<em>tricolor<\/em>&nbsp;va a acompa\u00f1ar las exigencias de los mexicanos.<\/p>\n\n\n\n<p>Manuel A\u00f1orve, coordinador de los senadores pri\u00edstas, asegur\u00f3 que las movilizaciones de los transportistas no tienen un tinte pol\u00edtico, sino que es un reclamo nacional ante los problemas que est\u00e1n viviendo.<\/p>\n\n\n\n<p>El vicecoordinador econ\u00f3mico del Grupo Parlamentario del Partido Acci\u00f3n Nacional (PAN) en la C\u00e1mara de Diputados, H\u00e9ctor Sa\u00fal T\u00e9llez Hern\u00e1ndez, pidi\u00f3 al gobierno federal, en espec\u00edfico a Rosa Icela Rodr\u00edguez, atender la \u201cjusta demanda de los transportistas ante la creciente ola de asaltos y violencia en los caminos, carreteras y autopistas del pa\u00eds\u201d.<\/p>\n\n\n\n<p>Por su parte, la senadora de Morena Guadalupe Chavira consider\u00f3 que si hay presiones pol\u00edticas, deben exhibirse, tras demandar a los gobernadores que se involucren en la soluci\u00f3n de las demandas de sus ciudadanos, pues en varias ocasiones mantienen puertas cerradas a problemas que son locales, como el abasto de agua, pozos, seguridad municipal o el asfaltado de caminos.<\/p>\n\n\n\n<p>\u201cNo pueden estar esperando que la Federaci\u00f3n les resuelva todo y luego surjan estos brotes de inconformidad\u201d, apunt\u00f3.<\/p>\n\n\n\n<p>Por su lado, el coordinador de los diputados federales guindas, Ricardo Monreal, hizo un llamado tanto a los transportistas como al Ejecutivo a seguir dialogando para buscar soluciones.<\/p>\n\n\n\n<p>Fuente: La <a href=\"https:\/\/www.jornada.com.mx\/noticia\/2025\/11\/25\/politica\/partidos-politicos-detras-de-protestas-rosa-icela-rodriguez-yo-soy-de-morena-dice-dirigente\">Jornada<\/a> <\/p>\n","protected":false},"excerpt":{"rendered":"<p>La oposici\u00f3n en el Senado y C\u00e1mara de Diputados pidi\u00f3 al gobierno no equivocarse, ya que los bloqueos de transportistas son producto de la incontrolable inseguridad en las carreteras, mientras Morena pidi\u00f3 a la secretaria de Gobernaci\u00f3n, Rosa Icela Rodr\u00edguez, dar a conocer cu\u00e1les son los intereses pol\u00edticos que hay detr\u00e1s de esas movilizaciones. Ello, [&hellip;]<\/p>\n","protected":false},"author":35,"featured_media":201668,"comment_status":"open","ping_status":"open","sticky":false,"template":"","format":"standard","meta":{"_monsterinsights_skip_tracking":false,"_monsterinsights_sitenote_active":false,"_monsterinsights_sitenote_note":"","_monsterinsights_sitenote_category":0,"footnotes":""},"categories":[158],"tags":[12610],"class_list":["post-201666","post","type-post","status-publish","format-standard","has-post-thumbnail","hentry","category-politica","tag-rosa-icela-rodriguez","wp-image-borders"],"amp_enabled":true,"_links":{"self":[{"href":"https:\/\/nvnoticias.mx\/index.php\/wp-json\/wp\/v2\/posts\/201666","targetHints":{"allow":["GET"]}}],"collection":[{"href":"https:\/\/nvnoticias.mx\/index.php\/wp-json\/wp\/v2\/posts"}],"about":[{"href":"https:\/\/nvnoticias.mx\/index.php\/wp-json\/wp\/v2\/types\/post"}],"author":[{"embeddable":true,"href":"https:\/\/nvnoticias.mx\/index.php\/wp-json\/wp\/v2\/users\/35"}],"replies":[{"embeddable":true,"href":"https:\/\/nvnoticias.mx\/index.php\/wp-json\/wp\/v2\/comments?post=201666"}],"version-history":[{"count":3,"href":"https:\/\/nvnoticias.mx\/index.php\/wp-json\/wp\/v2\/posts\/201666\/revisions"}],"predecessor-version":[{"id":201670,"href":"https:\/\/nvnoticias.mx\/index.php\/wp-json\/wp\/v2\/posts\/201666\/revisions\/201670"}],"wp:featuredmedia":[{"embeddable":true,"href":"https:\/\/nvnoticias.mx\/index.php\/wp-json\/wp\/v2\/media\/201668"}],"wp:attachment":[{"href":"https:\/\/nvnoticias.mx\/index.php\/wp-json\/wp\/v2\/media?parent=201666"}],"wp:term":[{"taxonomy":"category","embeddable":true,"href":"https:\/\/nvnoticias.mx\/index.php\/wp-json\/wp\/v2\/categories?post=201666"},{"taxonomy":"post_tag","embeddable":true,"href":"https:\/\/nvnoticias.mx\/index.php\/wp-json\/wp\/v2\/tags?post=201666"}],"curies":[{"name":"wp","href":"https:\/\/api.w.org\/{rel}","templated":true}]}}