{"id":201602,"date":"2025-11-24T11:15:30","date_gmt":"2025-11-24T17:15:30","guid":{"rendered":"https:\/\/nvnoticias.mx\/?p=201602"},"modified":"2025-11-24T11:15:36","modified_gmt":"2025-11-24T17:15:36","slug":"ethan-slater-se-niega-a-hablar-de-ariana-grande-en-entrevista","status":"publish","type":"post","link":"https:\/\/nvnoticias.mx\/index.php\/2025\/11\/24\/ethan-slater-se-niega-a-hablar-de-ariana-grande-en-entrevista\/","title":{"rendered":"Ethan Slater se niega a hablar de Ariana Grande en entrevista"},"content":{"rendered":"\n<p>En plena gira promocional de \u201cWicked: Por Siempre\u201d, Ethan Slater ofreci\u00f3 una entrevista que nadie imagin\u00f3 que terminar\u00eda reviviendo uno de los rumores m\u00e1s persistentes del a\u00f1o; es decir, su supuesta ruptura con\u00a0Ariana Grande, pero\u00a0<strong>\u00bfpor qu\u00e9?<\/strong><\/p>\n\n\n\n<p>Todo ocurri\u00f3 con una sola pregunta, y fue gracias a la\u00a0<strong>respuesta evasiva que dio que ha estado generando m\u00e1s pol\u00e9mica<\/strong>sobre una supuesta ruptura.<\/p>\n\n\n\n<p>El actor, quien comenz\u00f3 su relaci\u00f3n con\u00a0Ariana Grandedurante el rodaje de Wicked en 2023, acudi\u00f3\u00a0<strong>recientemente al programa \u201cThe Morning Show\u201d<\/strong>para hablar del estreno de la segunda parte del musical.\u00a0<\/p>\n\n\n\n<p>Lo que parec\u00eda una charla ligera termin\u00f3 convirti\u00e9ndose en un an\u00e1lisis minucioso por parte de los fans.<\/p>\n\n\n\n<p>Y es que, cuando el presentador Craig Melvin le pregunt\u00f3 directamente c\u00f3mo era&nbsp;<strong>\u201ctrabajar con tu novia todos los d\u00edas\u201d,<\/strong>Slater dio una respuesta que dej\u00f3 m\u00e1s dudas que certezas:<\/p>\n\n\n\n<blockquote class=\"wp-block-quote is-layout-flow wp-block-quote-is-layout-flow\">\n<p><strong>\u201cBueno, el reparto entero es incre\u00edble,&nbsp;<\/strong><em><strong>es incre\u00edble<\/strong>&#8220;, descartando la experiencia compartida, con la cantante Ariana Grande.<\/em><\/p>\n<\/blockquote>\n\n\n\n<p>Acto seguido, matiz\u00f3 t\u00edmidamente con un&nbsp;<em>\u201c<strong>Ariana es brillante\u201d,<\/strong><\/em>&nbsp;pero inmediatamente&nbsp;<strong>ampli\u00f3 el elogio a Cynthia Erivo<\/strong>, destacando el talento del elenco completo.&nbsp;<\/p>\n\n\n\n<p>Fue un movimiento tan calculado y al mismo tiempo tan inc\u00f3modo, que la audiencia no tard\u00f3 en notarlo.<\/p>\n","protected":false},"excerpt":{"rendered":"<p>En plena gira promocional de \u201cWicked: Por Siempre\u201d, Ethan Slater ofreci\u00f3 una entrevista que nadie imagin\u00f3 que terminar\u00eda reviviendo uno de los rumores m\u00e1s persistentes del a\u00f1o; es decir, su supuesta ruptura con\u00a0Ariana Grande, pero\u00a0\u00bfpor qu\u00e9? Todo ocurri\u00f3 con una sola pregunta, y fue gracias a la\u00a0respuesta evasiva que dio que ha estado generando m\u00e1s [&hellip;]<\/p>\n","protected":false},"author":35,"featured_media":201603,"comment_status":"open","ping_status":"open","sticky":false,"template":"","format":"standard","meta":{"_monsterinsights_skip_tracking":false,"_monsterinsights_sitenote_active":false,"_monsterinsights_sitenote_note":"","_monsterinsights_sitenote_category":0,"footnotes":""},"categories":[576],"tags":[23,31707],"class_list":["post-201602","post","type-post","status-publish","format-standard","has-post-thumbnail","hentry","category-ocio","tag-ariana-grande","tag-ethan-slater","wp-image-borders"],"amp_enabled":true,"_links":{"self":[{"href":"https:\/\/nvnoticias.mx\/index.php\/wp-json\/wp\/v2\/posts\/201602","targetHints":{"allow":["GET"]}}],"collection":[{"href":"https:\/\/nvnoticias.mx\/index.php\/wp-json\/wp\/v2\/posts"}],"about":[{"href":"https:\/\/nvnoticias.mx\/index.php\/wp-json\/wp\/v2\/types\/post"}],"author":[{"embeddable":true,"href":"https:\/\/nvnoticias.mx\/index.php\/wp-json\/wp\/v2\/users\/35"}],"replies":[{"embeddable":true,"href":"https:\/\/nvnoticias.mx\/index.php\/wp-json\/wp\/v2\/comments?post=201602"}],"version-history":[{"count":4,"href":"https:\/\/nvnoticias.mx\/index.php\/wp-json\/wp\/v2\/posts\/201602\/revisions"}],"predecessor-version":[{"id":201607,"href":"https:\/\/nvnoticias.mx\/index.php\/wp-json\/wp\/v2\/posts\/201602\/revisions\/201607"}],"wp:featuredmedia":[{"embeddable":true,"href":"https:\/\/nvnoticias.mx\/index.php\/wp-json\/wp\/v2\/media\/201603"}],"wp:attachment":[{"href":"https:\/\/nvnoticias.mx\/index.php\/wp-json\/wp\/v2\/media?parent=201602"}],"wp:term":[{"taxonomy":"category","embeddable":true,"href":"https:\/\/nvnoticias.mx\/index.php\/wp-json\/wp\/v2\/categories?post=201602"},{"taxonomy":"post_tag","embeddable":true,"href":"https:\/\/nvnoticias.mx\/index.php\/wp-json\/wp\/v2\/tags?post=201602"}],"curies":[{"name":"wp","href":"https:\/\/api.w.org\/{rel}","templated":true}]}}