{"id":201508,"date":"2025-11-24T09:08:00","date_gmt":"2025-11-24T15:08:00","guid":{"rendered":"https:\/\/nvnoticias.mx\/?p=201508"},"modified":"2025-11-24T09:15:17","modified_gmt":"2025-11-24T15:15:17","slug":"25n-la-deuda-del-estado-con-las-mujeres","status":"publish","type":"post","link":"https:\/\/nvnoticias.mx\/index.php\/2025\/11\/24\/25n-la-deuda-del-estado-con-las-mujeres\/","title":{"rendered":"25N: la deuda del Estado con las mujeres"},"content":{"rendered":"\n<p><\/p>\n\n\n\n<figure class=\"wp-block-pullquote\"><blockquote><p><strong>Alguien como t\u00fa<\/strong><br><strong>Gladys P\u00e9rez Maldonado<\/strong><\/p><\/blockquote><\/figure>\n\n\n\n<p>Cada 25 de noviembre, el mundo vuelve a mirar una de sus heridas m\u00e1s antiguas y m\u00e1s profundas: la violencia contra las mujeres. La fecha, instaurada por la ONU en 1999 para honrar la memoria de las hermanas Mirabal, activistas dominicanas asesinadas por la dictadura de Trujillo, tiene el prop\u00f3sito de movilizar a gobiernos, instituciones y sociedades. Pero, a m\u00e1s de dos d\u00e9cadas de distancia, la pregunta inc\u00f3moda sigue ah\u00ed \u00bfqu\u00e9 tanto ha cambiado realmente?.<\/p>\n\n\n\n<p>La respuesta, aunque matizada por avances, sigue siendo brutal. La violencia contra las mujeres no es coyuntural ni aislada; es un fen\u00f3meno estructural que se sostiene en desigualdades hist\u00f3ricas, en sistemas de justicia rebasados y, sobre todo, en una cultura que durante siglos normaliz\u00f3 el silencio.<\/p>\n\n\n\n<p>Es un problema global con cifras que duelen, de acuerdo con ONU Mujeres, una de cada tres mujeres en el mundo ha sufrido violencia f\u00edsica o sexual. Cada d\u00eda, 137 mujeres son asesinadas por integrantes de su propia familia. Y aunque la legislaci\u00f3n internacional ha avanzado, los mecanismos de prevenci\u00f3n, denuncia y reparaci\u00f3n contin\u00faan siendo insuficientes, especialmente en Am\u00e9rica Latina, donde convergen desigualdad, criminalidad y pr\u00e1cticas patriarcales profundamente arraigadas.<\/p>\n\n\n\n<p>En M\u00e9xico, el 25 de noviembre es mucho m\u00e1s que una conmemoraci\u00f3n, es un recordatorio inc\u00f3modo de que el pa\u00eds sigue intentando contener una crisis que no cesa. Las cifras oficiales promedian 10 a 11 feminicidios diarios, aunque organizaciones civiles advierten que el n\u00famero podr\u00eda ser mayor debido a la falta de tipificaci\u00f3n o la mala integraci\u00f3n de carpetas de investigaci\u00f3n.<\/p>\n\n\n\n<p>A esto se suman las m\u00faltiples formas de violencia cotidiana, como acoso callejero, violencia digital, desapariciones, trata de personas, agresiones dom\u00e9sticas y violencia econ\u00f3mica. Una mujer mexicana puede experimentar varias violencias simult\u00e1neamente antes de que siquiera se le reconozca como v\u00edctima \u00a1Aunque usted no lo crea!.<\/p>\n\n\n\n<p>Los refugios, Centros de Justicia para las Mujeres y l\u00edneas de emergencia operan bajo presi\u00f3n. Aunque son herramientas indispensables, no logran cubrir la magnitud del problema, falta presupuesto, personal capacitado y seguimiento adecuado de casos. El riesgo es evidente, pol\u00edticas que existen en papel pero no se reflejan en la vida diaria.<\/p>\n\n\n\n<p>En muchos pa\u00edses, incluido M\u00e9xico, la violencia no s\u00f3lo proviene del agresor directo, sino tambi\u00e9n de la indiferencia institucional. La revictimizaci\u00f3n, los procesos legales interminables, la falta de perspectiva de g\u00e9nero en fiscal\u00edas y juzgados, y la ausencia de sentencias firmes alimentan un mensaje devastador: <em>denunciar no siempre garantiza justicia.<\/em><\/p>\n\n\n\n<p>Cuando una mujer se atreve a romper el silencio, se topa con la sospecha, el prejuicio o la burocracia. Ese laberinto institucional, que deber\u00eda proteger, en ocasiones se convierte en una segunda agresi\u00f3n.<\/p>\n\n\n\n<p>Quiz\u00e1 por eso, cada 25 de noviembre las calles se ti\u00f1en de violeta, verde y consignas que retumban: <em>\u201cVivas nos queremos\u201d<\/em>, <em>\u201cNi una menos\u201d<\/em>, <em>\u201cNo estamos todas, nos faltan las que nos arrebataron\u201d<\/em>. Para miles de mujeres, la protesta se vuelve una forma de sobrevivencia y de memoria.<\/p>\n\n\n\n<p>Lejos de ser una fecha ceremonial, el 25N es un recordatorio de que la transformaci\u00f3n no ocurre s\u00f3lo en los discursos oficiales, sino en la exigencia social que incomoda, presiona y empuja cambios legislativos y culturales.<\/p>\n\n\n\n<p>Los retos pendientes son: prevenci\u00f3n real y justicia efectiva. Si bien los programas de atenci\u00f3n y las campa\u00f1as p\u00fablicas han aumentado, la prevenci\u00f3n sigue siendo el eslab\u00f3n m\u00e1s d\u00e9bil. Erradicar la violencia implica transformar estereotipos de g\u00e9nero desde la infancia, educar en igualdad, garantizar autonom\u00eda econ\u00f3mica a las mujeres y fortalecer instituciones capaces de actuar con rapidez y perspectiva de derechos humanos.<\/p>\n\n\n\n<p>Se requiere un Estado que no s\u00f3lo reaccione, sino que prevenga, sancione y repare y una sociedad que deje de mirar hacia otro lado, que salga de su burbuja de cristal y sea consciente de la realidad social.<\/p>\n\n\n\n<p>Desde <em>Alguien como t\u00fa<\/em> hacemos un llamado urgente, el 25 de noviembre no es un d\u00eda para felicitar a nadie ni para discursos complacientes, es un d\u00eda para nombrar lo que sigue matando, para exigir que las pol\u00edticas p\u00fablicas no queden en anuncios, para cuestionar por qu\u00e9 la violencia persiste y para recordar que cada cifra tiene un nombre, un rostro, una historia truncada.<\/p>\n\n\n\n<p>Mientras una sola mujer viva con miedo, limitando sus movimientos, sus decisiones o su libertad, ning\u00fan pa\u00eds podr\u00e1 llamarse libre.<\/p>\n\n\n\n<p>Porque la violencia contra las mujeres no es inevitable: es inadmisible.<\/p>\n\n\n\n<p>Y hasta que el mundo act\u00fae como tal, seguiremos gritando\u2026<\/p>\n","protected":false},"excerpt":{"rendered":"<p>Alguien como t\u00faGladys P\u00e9rez Maldonado Cada 25 de noviembre, el mundo vuelve a mirar una de sus heridas m\u00e1s antiguas y m\u00e1s profundas: la violencia contra las mujeres. La fecha, instaurada por la ONU en 1999 para honrar la memoria de las hermanas Mirabal, activistas dominicanas asesinadas por la dictadura de Trujillo, tiene el prop\u00f3sito [&hellip;]<\/p>\n","protected":false},"author":45,"featured_media":201509,"comment_status":"open","ping_status":"open","sticky":false,"template":"","format":"standard","meta":{"_monsterinsights_skip_tracking":false,"_monsterinsights_sitenote_active":false,"_monsterinsights_sitenote_note":"","_monsterinsights_sitenote_category":0,"footnotes":""},"categories":[15405],"tags":[15415],"class_list":["post-201508","post","type-post","status-publish","format-standard","has-post-thumbnail","hentry","category-alguien-como-tu","tag-gladys-perez-maldonado","wp-image-borders"],"amp_enabled":true,"_links":{"self":[{"href":"https:\/\/nvnoticias.mx\/index.php\/wp-json\/wp\/v2\/posts\/201508","targetHints":{"allow":["GET"]}}],"collection":[{"href":"https:\/\/nvnoticias.mx\/index.php\/wp-json\/wp\/v2\/posts"}],"about":[{"href":"https:\/\/nvnoticias.mx\/index.php\/wp-json\/wp\/v2\/types\/post"}],"author":[{"embeddable":true,"href":"https:\/\/nvnoticias.mx\/index.php\/wp-json\/wp\/v2\/users\/45"}],"replies":[{"embeddable":true,"href":"https:\/\/nvnoticias.mx\/index.php\/wp-json\/wp\/v2\/comments?post=201508"}],"version-history":[{"count":1,"href":"https:\/\/nvnoticias.mx\/index.php\/wp-json\/wp\/v2\/posts\/201508\/revisions"}],"predecessor-version":[{"id":201510,"href":"https:\/\/nvnoticias.mx\/index.php\/wp-json\/wp\/v2\/posts\/201508\/revisions\/201510"}],"wp:featuredmedia":[{"embeddable":true,"href":"https:\/\/nvnoticias.mx\/index.php\/wp-json\/wp\/v2\/media\/201509"}],"wp:attachment":[{"href":"https:\/\/nvnoticias.mx\/index.php\/wp-json\/wp\/v2\/media?parent=201508"}],"wp:term":[{"taxonomy":"category","embeddable":true,"href":"https:\/\/nvnoticias.mx\/index.php\/wp-json\/wp\/v2\/categories?post=201508"},{"taxonomy":"post_tag","embeddable":true,"href":"https:\/\/nvnoticias.mx\/index.php\/wp-json\/wp\/v2\/tags?post=201508"}],"curies":[{"name":"wp","href":"https:\/\/api.w.org\/{rel}","templated":true}]}}