{"id":201468,"date":"2025-11-23T11:33:30","date_gmt":"2025-11-23T17:33:30","guid":{"rendered":"https:\/\/nvnoticias.mx\/?p=201468"},"modified":"2025-11-23T11:33:34","modified_gmt":"2025-11-23T17:33:34","slug":"cazzu-habla-de-belinda-tenemos-mas-en-comun-que-un-hombre","status":"publish","type":"post","link":"https:\/\/nvnoticias.mx\/index.php\/2025\/11\/23\/cazzu-habla-de-belinda-tenemos-mas-en-comun-que-un-hombre\/","title":{"rendered":"Cazzu habla de Belinda, &#8220;Tenemos m\u00e1s en com\u00fan que un hombre&#8221;"},"content":{"rendered":"\n<p><\/p>\n\n\n\n<p>En uno de los momentos m\u00e1s comentados de la reciente gala de GQ M\u00e9xico en la Ciudad de M\u00e9xico, Cazzu&nbsp;revel\u00f3 sus pensamientos luego de su primer encuentro con Belinda.&nbsp;<\/p>\n\n\n\n<p>Seg\u00fan reportes, ambas artistas coincidieron por primera vez en dicho evento, donde compartieron espacio, gestos de reconocimiento mutuo y una fotograf\u00eda que se volvi\u00f3 viral.<\/p>\n\n\n\n<p>Durante su intervenci\u00f3n ante los medios, Cazzu fue clara al describir el encuentro como &#8220;reci\u00e9n nos conocimos, apenas nos conocimos, no nos hagan quemar etapas&#8221;. Esta declaraci\u00f3n busca bajar expectativas sobre una colaboraci\u00f3n inmediata entre ambas, aunque no descarta que algo en conjunto llegue en el futuro.<\/p>\n\n\n\n<p><strong>\u200b\u00bfQu\u00e9 dijo Cazzu de Belinda?<\/strong><\/p>\n\n\n\n<p>Este encuentro adquiere relevancia no solo desde el punto de vista medi\u00e1tico, sino tambi\u00e9n porque ambas artistas han sido vinculadas indirectamente por su relaci\u00f3n pasada con el cantante Christian Nodal.<\/p>\n\n\n\n<p>La cantante de trap antes de irse de M\u00e9xico se detuvo un momentos para hablar con la prensa sobre como hab\u00eda sido la platica entre ella y Belinda a lo que ella mencion\u00f3 esto:<\/p>\n\n\n\n<p>&#8220;Es una pelotudez perd\u00f3n. Nosotras no hemos tenido la oportunidad de hablar de eso creo que estamos en un evento y tal, me atrever\u00eda a decir que tanto ella como yo somos personas que necesitan como m\u00e1s de lo que vieron no paso. Ella y yo tenemos mucho m\u00e1s cosas en com\u00fan que un hombre, m\u00e1s de haber compartido un hombre&#8221;, mencion\u00f3 Cazzu.<\/p>\n\n\n\n<p>Aunque a\u00fan no se ha anunciado una colaboraci\u00f3n oficial entre Cazzu y Belinda, esta aparici\u00f3n conjunta ha generado numerosas especulaciones y entusiasmo entre sus seguidores.&nbsp;<\/p>\n\n\n\n<p>Para ambas cantantes, el evento representa un cap\u00edtulo relevante en sus carreras y una oportunidad de mostrar una faceta conjunta ante el p\u00fablico.<\/p>\n\n\n\n<p>Fuente: <a href=\"https:\/\/www.milenio.com\/espectaculos\/famosos\/cazzu-hablo-similitudes-belinda-no-solo-compartimos-hombre\">Milenio<\/a><\/p>\n","protected":false},"excerpt":{"rendered":"<p>En uno de los momentos m\u00e1s comentados de la reciente gala de GQ M\u00e9xico en la Ciudad de M\u00e9xico, Cazzu&nbsp;revel\u00f3 sus pensamientos luego de su primer encuentro con Belinda.&nbsp; Seg\u00fan reportes, ambas artistas coincidieron por primera vez en dicho evento, donde compartieron espacio, gestos de reconocimiento mutuo y una fotograf\u00eda que se volvi\u00f3 viral. Durante [&hellip;]<\/p>\n","protected":false},"author":6,"featured_media":201469,"comment_status":"open","ping_status":"open","sticky":false,"template":"","format":"standard","meta":{"_monsterinsights_skip_tracking":false,"_monsterinsights_sitenote_active":false,"_monsterinsights_sitenote_note":"","_monsterinsights_sitenote_category":0,"footnotes":""},"categories":[576],"tags":[24614],"class_list":["post-201468","post","type-post","status-publish","format-standard","has-post-thumbnail","hentry","category-ocio","tag-cazzu","wp-image-borders"],"amp_enabled":true,"_links":{"self":[{"href":"https:\/\/nvnoticias.mx\/index.php\/wp-json\/wp\/v2\/posts\/201468","targetHints":{"allow":["GET"]}}],"collection":[{"href":"https:\/\/nvnoticias.mx\/index.php\/wp-json\/wp\/v2\/posts"}],"about":[{"href":"https:\/\/nvnoticias.mx\/index.php\/wp-json\/wp\/v2\/types\/post"}],"author":[{"embeddable":true,"href":"https:\/\/nvnoticias.mx\/index.php\/wp-json\/wp\/v2\/users\/6"}],"replies":[{"embeddable":true,"href":"https:\/\/nvnoticias.mx\/index.php\/wp-json\/wp\/v2\/comments?post=201468"}],"version-history":[{"count":1,"href":"https:\/\/nvnoticias.mx\/index.php\/wp-json\/wp\/v2\/posts\/201468\/revisions"}],"predecessor-version":[{"id":201470,"href":"https:\/\/nvnoticias.mx\/index.php\/wp-json\/wp\/v2\/posts\/201468\/revisions\/201470"}],"wp:featuredmedia":[{"embeddable":true,"href":"https:\/\/nvnoticias.mx\/index.php\/wp-json\/wp\/v2\/media\/201469"}],"wp:attachment":[{"href":"https:\/\/nvnoticias.mx\/index.php\/wp-json\/wp\/v2\/media?parent=201468"}],"wp:term":[{"taxonomy":"category","embeddable":true,"href":"https:\/\/nvnoticias.mx\/index.php\/wp-json\/wp\/v2\/categories?post=201468"},{"taxonomy":"post_tag","embeddable":true,"href":"https:\/\/nvnoticias.mx\/index.php\/wp-json\/wp\/v2\/tags?post=201468"}],"curies":[{"name":"wp","href":"https:\/\/api.w.org\/{rel}","templated":true}]}}