{"id":201460,"date":"2025-11-23T11:10:04","date_gmt":"2025-11-23T17:10:04","guid":{"rendered":"https:\/\/nvnoticias.mx\/?p=201460"},"modified":"2025-11-23T11:10:09","modified_gmt":"2025-11-23T17:10:09","slug":"cancelan-seis-aerolineas-conexiones-con-venezuela-tras-advertencia-de-eu","status":"publish","type":"post","link":"https:\/\/nvnoticias.mx\/index.php\/2025\/11\/23\/cancelan-seis-aerolineas-conexiones-con-venezuela-tras-advertencia-de-eu\/","title":{"rendered":"Cancelan seis aerol\u00edneas conexiones con Venezuela tras advertencia de EU"},"content":{"rendered":"\n<p><\/p>\n\n\n\n<p>Seis aerol\u00edneas cancelaron este s\u00e1bado sus conexiones con Venezuela, luego de que Estados Unidos advirtiera a la aviaci\u00f3n civil sobre un &#8220;aumento de la actividad militar&#8221; en medio del despliegue de fuerzas estadounidenses en el Caribe, inform\u00f3 a la AFP el gremio de l\u00edneas a\u00e9reas.<\/p>\n\n\n\n<p>La espa\u00f1ola Iberia, la portuguesa TAP, la colombiana Avianca, la trinitense Caribbean, la brasile\u00f1a GOL y la chilena Latam cancelaron sus operaciones, dijo la presidenta de la Asociaci\u00f3n de L\u00edneas A\u00e9reas de Venezuela (ALAV), Marisela de Loaiza.<\/p>\n\n\n\n<p>La suspensi\u00f3n ocurre luego de que el regulador de la aviaci\u00f3n estadounidense emitiera el viernes la advertencia a las aeronaves civiles que circulan por el espacio a\u00e9reo venezolano.<\/p>\n\n\n\n<p>Este aviso a las compa\u00f1\u00edas a\u00e9reas con vuelos a Venezuela coincide con el nutrido despliegue militar de Washington en la zona para presionar al gobierno venezolano de Nicol\u00e1s Maduro.<\/p>\n\n\n\n<p><strong>EU advierte &#8220;situaci\u00f3n potencialmente peligrosa&#8221; en Venezuela<br><\/strong>En su comunicaci\u00f3n, la FAA advirti\u00f3 &#8220;sobre una situaci\u00f3n potencialmente peligrosa en la regi\u00f3n de informaci\u00f3n de vuelo de Maiquet\u00eda&#8221;, que corresponde al espacio a\u00e9reo controlado por Venezuela, que incluye tambi\u00e9n parte del Caribe sur y oriental.<\/p>\n\n\n\n<p>&#8220;Se recomienda a los operadores extremar la precauci\u00f3n al operar en la regi\u00f3n de informaci\u00f3n de vuelo de Maiquet\u00eda a todas las altitudes debido al deterioro de la situaci\u00f3n de seguridad y al aumento de la actividad militar en Venezuela o sus alrededores&#8221;, explica el texto.<\/p>\n\n\n\n<p>&#8220;Las amenazas podr\u00edan representar un riesgo potencial para las aeronaves a todas las altitudes, incluyendo durante el sobrevuelo, las fases de llegada y salida del vuelo&#8221;, a\u00f1ade el escrito, que considera que el riesgo afecta tambi\u00e9n a los aeropuertos y a las aeronaves en tierra en la mencionada regi\u00f3n.<\/p>\n\n\n\n<p>Fuente: <a href=\"https:\/\/www.eluniversal.com.mx\/mundo\/iberia-cancela-vuelos-comerciales-a-venezuela-ante-la-situacion-en-ese-pais\/\">El Universal<\/a><\/p>\n","protected":false},"excerpt":{"rendered":"<p>Seis aerol\u00edneas cancelaron este s\u00e1bado sus conexiones con Venezuela, luego de que Estados Unidos advirtiera a la aviaci\u00f3n civil sobre un &#8220;aumento de la actividad militar&#8221; en medio del despliegue de fuerzas estadounidenses en el Caribe, inform\u00f3 a la AFP el gremio de l\u00edneas a\u00e9reas. La espa\u00f1ola Iberia, la portuguesa TAP, la colombiana Avianca, la [&hellip;]<\/p>\n","protected":false},"author":6,"featured_media":201461,"comment_status":"open","ping_status":"open","sticky":false,"template":"","format":"standard","meta":{"_monsterinsights_skip_tracking":false,"_monsterinsights_sitenote_active":false,"_monsterinsights_sitenote_note":"","_monsterinsights_sitenote_category":0,"footnotes":""},"categories":[181],"tags":[9087,1540],"class_list":["post-201460","post","type-post","status-publish","format-standard","has-post-thumbnail","hentry","category-internacional","tag-aerolineas","tag-venezuela","wp-image-borders"],"amp_enabled":true,"_links":{"self":[{"href":"https:\/\/nvnoticias.mx\/index.php\/wp-json\/wp\/v2\/posts\/201460","targetHints":{"allow":["GET"]}}],"collection":[{"href":"https:\/\/nvnoticias.mx\/index.php\/wp-json\/wp\/v2\/posts"}],"about":[{"href":"https:\/\/nvnoticias.mx\/index.php\/wp-json\/wp\/v2\/types\/post"}],"author":[{"embeddable":true,"href":"https:\/\/nvnoticias.mx\/index.php\/wp-json\/wp\/v2\/users\/6"}],"replies":[{"embeddable":true,"href":"https:\/\/nvnoticias.mx\/index.php\/wp-json\/wp\/v2\/comments?post=201460"}],"version-history":[{"count":1,"href":"https:\/\/nvnoticias.mx\/index.php\/wp-json\/wp\/v2\/posts\/201460\/revisions"}],"predecessor-version":[{"id":201462,"href":"https:\/\/nvnoticias.mx\/index.php\/wp-json\/wp\/v2\/posts\/201460\/revisions\/201462"}],"wp:featuredmedia":[{"embeddable":true,"href":"https:\/\/nvnoticias.mx\/index.php\/wp-json\/wp\/v2\/media\/201461"}],"wp:attachment":[{"href":"https:\/\/nvnoticias.mx\/index.php\/wp-json\/wp\/v2\/media?parent=201460"}],"wp:term":[{"taxonomy":"category","embeddable":true,"href":"https:\/\/nvnoticias.mx\/index.php\/wp-json\/wp\/v2\/categories?post=201460"},{"taxonomy":"post_tag","embeddable":true,"href":"https:\/\/nvnoticias.mx\/index.php\/wp-json\/wp\/v2\/tags?post=201460"}],"curies":[{"name":"wp","href":"https:\/\/api.w.org\/{rel}","templated":true}]}}