{"id":201368,"date":"2025-11-22T12:15:03","date_gmt":"2025-11-22T18:15:03","guid":{"rendered":"https:\/\/nvnoticias.mx\/?p=201368"},"modified":"2025-11-22T12:15:27","modified_gmt":"2025-11-22T18:15:27","slug":"hoteleros-piden-2-hospedaje-vuelva-a-destinarse-promocion-turistica","status":"publish","type":"post","link":"https:\/\/nvnoticias.mx\/index.php\/2025\/11\/22\/hoteleros-piden-2-hospedaje-vuelva-a-destinarse-promocion-turistica\/","title":{"rendered":"Hoteleros piden que el 2% al hospedaje vuelva a destinarse a promoci\u00f3n tur\u00edstica en Veracruz"},"content":{"rendered":"\n<p><\/p>\n\n\n\n<p><strong>Sam Ojeda &#8211; NV Noticias<\/strong><\/p>\n\n\n\n<p>Xalapa.- Integrantes del sector hotelero demandaron que el Gobierno de Veracruz restablezca el uso del impuesto del 2 por ciento al hospedaje para actividades formales de promoci\u00f3n tur\u00edstica, al advertir que este a\u00f1o no se realizaron campa\u00f1as financiadas con ese fideicomiso pese a que la industria continu\u00f3 aportando el recurso.<\/p>\n\n\n\n<p>El empresario Carlos Alberto Mesa detall\u00f3 que, durante 2025, el fideicomiso no destin\u00f3 fondos a difusi\u00f3n tur\u00edstica en ninguna de las siete regiones del estado.<\/p>\n\n\n\n<blockquote class=\"wp-block-quote is-layout-flow wp-block-quote-is-layout-flow\">\n<p>\u201cLos hoteleros seguimos cumpliendo con este gravamen, pero no hubo una sola acci\u00f3n de promoci\u00f3n financiada desde ah\u00ed\u201d, se\u00f1al\u00f3.<\/p>\n<\/blockquote>\n\n\n\n<p>Indic\u00f3 que la expectativa del sector es que en 2026 el mecanismo vuelva a operar con su prop\u00f3sito original.<\/p>\n\n\n\n<blockquote class=\"wp-block-quote is-layout-flow wp-block-quote-is-layout-flow\">\n<p>\u201cLa raz\u00f3n de ser de este impuesto es promover a Veracruz. Ojal\u00e1 que el pr\u00f3ximo a\u00f1o realmente se retome\u201d, a\u00f1adi\u00f3.<\/p>\n<\/blockquote>\n\n\n\n<p>Aunque reconoci\u00f3 el trabajo de la Secretar\u00eda de Cultura y la relevancia de su agenda para fortalecer la identidad estatal, puntualiz\u00f3 que la organizaci\u00f3n de eventos no sustituye el trabajo especializado que requiere la promoci\u00f3n tur\u00edstica.<\/p>\n\n\n\n<blockquote class=\"wp-block-quote is-layout-flow wp-block-quote-is-layout-flow\">\n<p>\u201cLa actividad cultural es positiva y complementa al turismo, pero no puede confundirse con la labor t\u00e9cnica de dise\u00f1ar campa\u00f1as de posicionamiento\u201d, coment\u00f3.<\/p>\n<\/blockquote>\n\n\n\n<p>Mesa explic\u00f3 que la promoci\u00f3n debe partir de an\u00e1lisis profesionales sobre mercados meta, perfiles de visitantes y productos tur\u00edsticos diferenciados para cada regi\u00f3n.<\/p>\n\n\n\n<blockquote class=\"wp-block-quote is-layout-flow wp-block-quote-is-layout-flow\">\n<p>\u201cSe necesita segmentar, estudiar qui\u00e9n nos visita, definir qu\u00e9 estamos ofreciendo y a qu\u00e9 p\u00fablico\u201d, dijo.<\/p>\n<\/blockquote>\n\n\n\n<p>Record\u00f3 que destinos con vocaciones distintas \u2014como playas, ciudades con oferta deportiva o pueblos m\u00e1gicos\u2014 necesitan estrategias hechas a la medida.<\/p>\n","protected":false},"excerpt":{"rendered":"<p>Sam Ojeda &#8211; NV Noticias Xalapa.- Integrantes del sector hotelero demandaron que el Gobierno de Veracruz restablezca el uso del impuesto del 2 por ciento al hospedaje para actividades formales de promoci\u00f3n tur\u00edstica, al advertir que este a\u00f1o no se realizaron campa\u00f1as financiadas con ese fideicomiso pese a que la industria continu\u00f3 aportando el recurso. [&hellip;]<\/p>\n","protected":false},"author":6,"featured_media":201369,"comment_status":"open","ping_status":"open","sticky":false,"template":"","format":"standard","meta":{"_monsterinsights_skip_tracking":false,"_monsterinsights_sitenote_active":false,"_monsterinsights_sitenote_note":"","_monsterinsights_sitenote_category":0,"footnotes":""},"categories":[156],"tags":[3158],"class_list":["post-201368","post","type-post","status-publish","format-standard","has-post-thumbnail","hentry","category-estado","tag-promocion-turistica","wp-image-borders"],"amp_enabled":true,"_links":{"self":[{"href":"https:\/\/nvnoticias.mx\/index.php\/wp-json\/wp\/v2\/posts\/201368","targetHints":{"allow":["GET"]}}],"collection":[{"href":"https:\/\/nvnoticias.mx\/index.php\/wp-json\/wp\/v2\/posts"}],"about":[{"href":"https:\/\/nvnoticias.mx\/index.php\/wp-json\/wp\/v2\/types\/post"}],"author":[{"embeddable":true,"href":"https:\/\/nvnoticias.mx\/index.php\/wp-json\/wp\/v2\/users\/6"}],"replies":[{"embeddable":true,"href":"https:\/\/nvnoticias.mx\/index.php\/wp-json\/wp\/v2\/comments?post=201368"}],"version-history":[{"count":2,"href":"https:\/\/nvnoticias.mx\/index.php\/wp-json\/wp\/v2\/posts\/201368\/revisions"}],"predecessor-version":[{"id":201371,"href":"https:\/\/nvnoticias.mx\/index.php\/wp-json\/wp\/v2\/posts\/201368\/revisions\/201371"}],"wp:featuredmedia":[{"embeddable":true,"href":"https:\/\/nvnoticias.mx\/index.php\/wp-json\/wp\/v2\/media\/201369"}],"wp:attachment":[{"href":"https:\/\/nvnoticias.mx\/index.php\/wp-json\/wp\/v2\/media?parent=201368"}],"wp:term":[{"taxonomy":"category","embeddable":true,"href":"https:\/\/nvnoticias.mx\/index.php\/wp-json\/wp\/v2\/categories?post=201368"},{"taxonomy":"post_tag","embeddable":true,"href":"https:\/\/nvnoticias.mx\/index.php\/wp-json\/wp\/v2\/tags?post=201368"}],"curies":[{"name":"wp","href":"https:\/\/api.w.org\/{rel}","templated":true}]}}