{"id":201336,"date":"2025-11-21T16:05:31","date_gmt":"2025-11-21T22:05:31","guid":{"rendered":"https:\/\/nvnoticias.mx\/?p=201336"},"modified":"2025-11-21T16:05:35","modified_gmt":"2025-11-21T22:05:35","slug":"ex-gobernador-de-jalisco-es-nuevo-auxiliar-tecnico-del-real-valladolid-de-espana","status":"publish","type":"post","link":"https:\/\/nvnoticias.mx\/index.php\/2025\/11\/21\/ex-gobernador-de-jalisco-es-nuevo-auxiliar-tecnico-del-real-valladolid-de-espana\/","title":{"rendered":"Ex gobernador de Jalisco es nuevo auxiliar t\u00e9cnico del Real Valladolid de Espa\u00f1a"},"content":{"rendered":"\n<p><\/p>\n\n\n\n<p>El ex gobernador del estado de Jalisco, Enrique Alfaro dio a conocer que tendr\u00e1 un nuevo reto en su vida alejado de la pol\u00edtica, luego de haberse confirmado que se integra al cuerpo t\u00e9cnico de Guillermo Almada en el Real Valladolid.<\/p>\n\n\n\n<p>Alfaro, cuenta con t\u00edtulo de director t\u00e9cnico, adem\u00e1s de haber realizado sus pr\u00e1cticas en el Club Guadalajara y un m\u00e1ster de direcci\u00f3n de futbol en la Universidad del Real Madrid.<\/p>\n\n\n\n<p>&#8220;Hoy me llena de felicidad decirles que el Real Valladolid Club de Futbol ser\u00e1 mi nueva casa. Que voy a continuar mi proceso de formaci\u00f3n como Auxiliar T\u00e9cnico del primer equipo en La Liga Hypermotion&#8221;, mencion\u00f3 el ex gobernador en su cuenta de X.<\/p>\n\n\n\n<p>&#8220;Poder iniciar mi carrera en un club profesional en el pa\u00eds con mejor futbol del mundo es un sue\u00f1o hecho realidad. Hacerlo adem\u00e1s en club hist\u00f3rico del futbol espa\u00f1ol, en una ciudad espectacular, representa tambi\u00e9n un enorme compromiso&#8221;, a\u00f1adi\u00f3.<\/p>\n\n\n\n<p>A trav\u00e9s de sus redes sociales, el ex mandatario inform\u00f3 que se unir\u00e1 al club de Valladolid en la segunda divisi\u00f3n de Espa\u00f1a, donde acompa\u00f1ar\u00e1 al uruguayo Guillermo Almada, que pas\u00f3 por M\u00e9xico con Santos y Pachuca.<\/p>\n\n\n\n<p>Enrique Alfaro desde que dej\u00f3 la pol\u00edtica ha dejado claro su sue\u00f1o de incursionar en el futbol, por lo que su integraci\u00f3n al conjunto espa\u00f1ol es el primer paso que da hacia su objetivo de alg\u00fan d\u00eda ser entrenador de un primer equipo.<\/p>\n","protected":false},"excerpt":{"rendered":"<p>El ex gobernador del estado de Jalisco, Enrique Alfaro dio a conocer que tendr\u00e1 un nuevo reto en su vida alejado de la pol\u00edtica, luego de haberse confirmado que se integra al cuerpo t\u00e9cnico de Guillermo Almada en el Real Valladolid. Alfaro, cuenta con t\u00edtulo de director t\u00e9cnico, adem\u00e1s de haber realizado sus pr\u00e1cticas en [&hellip;]<\/p>\n","protected":false},"author":8,"featured_media":201337,"comment_status":"open","ping_status":"open","sticky":false,"template":"","format":"standard","meta":{"_monsterinsights_skip_tracking":false,"_monsterinsights_sitenote_active":false,"_monsterinsights_sitenote_note":"","_monsterinsights_sitenote_category":0,"footnotes":""},"categories":[159],"tags":[13356,2913,32665],"class_list":["post-201336","post","type-post","status-publish","format-standard","has-post-thumbnail","hentry","category-deportes","tag-auxiliar-tecnico","tag-enrique-alfaro","tag-real-valladolid","wp-image-borders"],"amp_enabled":true,"_links":{"self":[{"href":"https:\/\/nvnoticias.mx\/index.php\/wp-json\/wp\/v2\/posts\/201336","targetHints":{"allow":["GET"]}}],"collection":[{"href":"https:\/\/nvnoticias.mx\/index.php\/wp-json\/wp\/v2\/posts"}],"about":[{"href":"https:\/\/nvnoticias.mx\/index.php\/wp-json\/wp\/v2\/types\/post"}],"author":[{"embeddable":true,"href":"https:\/\/nvnoticias.mx\/index.php\/wp-json\/wp\/v2\/users\/8"}],"replies":[{"embeddable":true,"href":"https:\/\/nvnoticias.mx\/index.php\/wp-json\/wp\/v2\/comments?post=201336"}],"version-history":[{"count":1,"href":"https:\/\/nvnoticias.mx\/index.php\/wp-json\/wp\/v2\/posts\/201336\/revisions"}],"predecessor-version":[{"id":201338,"href":"https:\/\/nvnoticias.mx\/index.php\/wp-json\/wp\/v2\/posts\/201336\/revisions\/201338"}],"wp:featuredmedia":[{"embeddable":true,"href":"https:\/\/nvnoticias.mx\/index.php\/wp-json\/wp\/v2\/media\/201337"}],"wp:attachment":[{"href":"https:\/\/nvnoticias.mx\/index.php\/wp-json\/wp\/v2\/media?parent=201336"}],"wp:term":[{"taxonomy":"category","embeddable":true,"href":"https:\/\/nvnoticias.mx\/index.php\/wp-json\/wp\/v2\/categories?post=201336"},{"taxonomy":"post_tag","embeddable":true,"href":"https:\/\/nvnoticias.mx\/index.php\/wp-json\/wp\/v2\/tags?post=201336"}],"curies":[{"name":"wp","href":"https:\/\/api.w.org\/{rel}","templated":true}]}}