{"id":201316,"date":"2025-11-21T12:26:49","date_gmt":"2025-11-21T18:26:49","guid":{"rendered":"https:\/\/nvnoticias.mx\/?p=201316"},"modified":"2025-11-21T12:26:53","modified_gmt":"2025-11-21T18:26:53","slug":"veracruz-recibe-mas-de-61-mil-millones-en-programas-sociales-sedesol","status":"publish","type":"post","link":"https:\/\/nvnoticias.mx\/index.php\/2025\/11\/21\/veracruz-recibe-mas-de-61-mil-millones-en-programas-sociales-sedesol\/","title":{"rendered":"Veracruz recibe m\u00e1s de 61 mil millones en programas sociales: Sedesol\u00a0"},"content":{"rendered":"\n<p><\/p>\n\n\n\n<p><strong>Sam Ojeda\u00a0&#8211; NV Noticias<\/strong><\/p>\n\n\n\n<p>Xalapa.\u2013 Con una poblaci\u00f3n beneficiaria superior a los 2.6 millones de personas, Veracruz se consolid\u00f3 como la tercera entidad del pa\u00eds con mayor inversi\u00f3n federal en programas sociales, al recibir 61 mil millones de pesos, inform\u00f3 la secretaria de Desarrollo Social, Margarita Santopietro Peralta, ante la Comisi\u00f3n Permanente de Bienestar y Desarrollo Social del Congreso local.<\/p>\n\n\n\n<p>La funcionaria detall\u00f3 que los apoyos abarcan desde pensiones para adultos mayores hasta becas educativas y acciones de infraestructura social en comunidades ind\u00edgenas y afromexicanas.<\/p>\n\n\n\n<p>\u201cLa pol\u00edtica social debe ser transparente y cercana a la gente. Cada cifra representa una historia de esperanza.\u201d<\/p>\n\n\n\n<p>Entre los programas m\u00e1s significativos mencion\u00f3:<\/p>\n\n\n\n<ul class=\"wp-block-list\">\n<li>Pensi\u00f3n para adultos mayores: 921,000 beneficiarios.<\/li>\n\n\n\n<li>J\u00f3venes Construyendo el Futuro: 44,000 j\u00f3venes con acceso a formaci\u00f3n y primer empleo.<\/li>\n\n\n\n<li>Salud Casa por Casa: 676,907 consultas brindadas.<\/li>\n\n\n\n<li>La Escuela es Nuestra: 599,571 alumnas y alumnos beneficiados.<\/li>\n\n\n\n<li>Becas del Bienestar: 1,031,818 estudiantes favorecidos.<\/li>\n\n\n\n<li><\/li>\n<\/ul>\n\n\n\n<p>Santopietro destac\u00f3 tambi\u00e9n los nuevos programas implementados este a\u00f1o por la Federaci\u00f3n, entre ellos la Pensi\u00f3n Mujeres Bienestar, enfocada en el reconocimiento al trabajo de cuidados, y las becas universales para estudiantes de secundaria.<\/p>\n\n\n\n<p>\u201cSe impulsa la educaci\u00f3n con becas para estudiantes de todos los niveles. Este a\u00f1o la Federaci\u00f3n inici\u00f3 programas innovadores como la Pensi\u00f3n Mujeres Bienestar.\u201d<\/p>\n\n\n\n<p>Recursos hist\u00f3ricos para comunidades ind\u00edgenas y afromexicanas<\/p>\n\n\n\n<p>La titular de Sedesol subray\u00f3 que la pol\u00edtica social tambi\u00e9n se ha enfocado en cerrar brechas de desigualdad para los pueblos originarios.<\/p>\n\n\n\n<p>Mediante el Fondo de Aportaciones para la Infraestructura Social (FAIS), Veracruz recibi\u00f3 1,400 millones de pesos, destinados a 18 pueblos ind\u00edgenas en 2,573 comunidades.<\/p>\n","protected":false},"excerpt":{"rendered":"<p>Sam Ojeda\u00a0&#8211; NV Noticias Xalapa.\u2013 Con una poblaci\u00f3n beneficiaria superior a los 2.6 millones de personas, Veracruz se consolid\u00f3 como la tercera entidad del pa\u00eds con mayor inversi\u00f3n federal en programas sociales, al recibir 61 mil millones de pesos, inform\u00f3 la secretaria de Desarrollo Social, Margarita Santopietro Peralta, ante la Comisi\u00f3n Permanente de Bienestar y [&hellip;]<\/p>\n","protected":false},"author":6,"featured_media":201317,"comment_status":"open","ping_status":"open","sticky":false,"template":"","format":"standard","meta":{"_monsterinsights_skip_tracking":false,"_monsterinsights_sitenote_active":false,"_monsterinsights_sitenote_note":"","_monsterinsights_sitenote_category":0,"footnotes":""},"categories":[156],"tags":[162,2550,1983],"class_list":["post-201316","post","type-post","status-publish","format-standard","has-post-thumbnail","hentry","category-estado","tag-portada","tag-programas-sociales","tag-sedesol","wp-image-borders"],"amp_enabled":true,"_links":{"self":[{"href":"https:\/\/nvnoticias.mx\/index.php\/wp-json\/wp\/v2\/posts\/201316","targetHints":{"allow":["GET"]}}],"collection":[{"href":"https:\/\/nvnoticias.mx\/index.php\/wp-json\/wp\/v2\/posts"}],"about":[{"href":"https:\/\/nvnoticias.mx\/index.php\/wp-json\/wp\/v2\/types\/post"}],"author":[{"embeddable":true,"href":"https:\/\/nvnoticias.mx\/index.php\/wp-json\/wp\/v2\/users\/6"}],"replies":[{"embeddable":true,"href":"https:\/\/nvnoticias.mx\/index.php\/wp-json\/wp\/v2\/comments?post=201316"}],"version-history":[{"count":1,"href":"https:\/\/nvnoticias.mx\/index.php\/wp-json\/wp\/v2\/posts\/201316\/revisions"}],"predecessor-version":[{"id":201318,"href":"https:\/\/nvnoticias.mx\/index.php\/wp-json\/wp\/v2\/posts\/201316\/revisions\/201318"}],"wp:featuredmedia":[{"embeddable":true,"href":"https:\/\/nvnoticias.mx\/index.php\/wp-json\/wp\/v2\/media\/201317"}],"wp:attachment":[{"href":"https:\/\/nvnoticias.mx\/index.php\/wp-json\/wp\/v2\/media?parent=201316"}],"wp:term":[{"taxonomy":"category","embeddable":true,"href":"https:\/\/nvnoticias.mx\/index.php\/wp-json\/wp\/v2\/categories?post=201316"},{"taxonomy":"post_tag","embeddable":true,"href":"https:\/\/nvnoticias.mx\/index.php\/wp-json\/wp\/v2\/tags?post=201316"}],"curies":[{"name":"wp","href":"https:\/\/api.w.org\/{rel}","templated":true}]}}