{"id":201306,"date":"2025-11-21T12:11:40","date_gmt":"2025-11-21T18:11:40","guid":{"rendered":"https:\/\/nvnoticias.mx\/?p=201306"},"modified":"2025-11-21T12:11:44","modified_gmt":"2025-11-21T18:11:44","slug":"se-conocen-por-primera-vez-belinda-y-cazzu-se-conocen","status":"publish","type":"post","link":"https:\/\/nvnoticias.mx\/index.php\/2025\/11\/21\/se-conocen-por-primera-vez-belinda-y-cazzu-se-conocen\/","title":{"rendered":"Se conocen por primera vez Belinda y Cazzu se conocen"},"content":{"rendered":"\n<p><\/p>\n\n\n\n<p>Belinda y Cazzu protagonizaron uno de los encuentros m\u00e1s esperados por la prensa y el p\u00fablico, al coincidir por primera vez y posar juntas durante la gala donde GQ M\u00e9xico reconoci\u00f3 a las Mujeres del A\u00f1o 2025. Ambas artistas, vinculadas medi\u00e1ticamente por su relaci\u00f3n pasada con Christian Nodal, acapararon la atenci\u00f3n desde el momento en que coincidieron frente a c\u00e1maras.<\/p>\n\n\n\n<p>&#8216;La Reina&#8217; y &#8216;La Jefa&#8217; como las nombr\u00f3 la propia revista, recibieron un premio por sus logros durante el a\u00f1o y sorprendieron al posar lado a lado en una foto que r\u00e1pidamente se volvi\u00f3 viral.<\/p>\n\n\n\n<p>\u201cNuestra reina @belindapop y La Jefa @cazzu, juntas en una gala que celebra el poder y el talento que representan\u201d, public\u00f3 GQ M\u00e9xico al difundir la imagen que desat\u00f3 miles de reacciones.<\/p>\n\n\n\n<p>El evento de GQ M\u00e9xico reuni\u00f3 a algunas de las figuras m\u00e1s influyentes del entretenimiento, donde Belinda y Cazzu compartieron reflectores junto a personalidades como Alberto Guerra, Maluma, Diego Luna y Robinson Can\u00f3.&nbsp;<\/p>\n\n\n\n<p>La presencia de ambas cantantes hac\u00eda inevitable un encuentro, y cuando finalmente sucedi\u00f3, se dio en un ambiente relajado y cordial, lejos del morbo y con una naturalidad que sorprendi\u00f3 a muchos.<\/p>\n\n\n\n<p>Fuente: <a href=\"https:\/\/www.milenio.com\/espectaculos\/famosos\/belinda-cazzu-conocen-posan-juntas-primera-vez-reaccionan-redes\">Milenio<\/a><\/p>\n","protected":false},"excerpt":{"rendered":"<p>Belinda y Cazzu protagonizaron uno de los encuentros m\u00e1s esperados por la prensa y el p\u00fablico, al coincidir por primera vez y posar juntas durante la gala donde GQ M\u00e9xico reconoci\u00f3 a las Mujeres del A\u00f1o 2025. Ambas artistas, vinculadas medi\u00e1ticamente por su relaci\u00f3n pasada con Christian Nodal, acapararon la atenci\u00f3n desde el momento en [&hellip;]<\/p>\n","protected":false},"author":6,"featured_media":201307,"comment_status":"open","ping_status":"open","sticky":false,"template":"","format":"standard","meta":{"_monsterinsights_skip_tracking":false,"_monsterinsights_sitenote_active":false,"_monsterinsights_sitenote_note":"","_monsterinsights_sitenote_category":0,"footnotes":""},"categories":[576],"tags":[1705,24614],"class_list":["post-201306","post","type-post","status-publish","format-standard","has-post-thumbnail","hentry","category-ocio","tag-belinda","tag-cazzu","wp-image-borders"],"amp_enabled":true,"_links":{"self":[{"href":"https:\/\/nvnoticias.mx\/index.php\/wp-json\/wp\/v2\/posts\/201306","targetHints":{"allow":["GET"]}}],"collection":[{"href":"https:\/\/nvnoticias.mx\/index.php\/wp-json\/wp\/v2\/posts"}],"about":[{"href":"https:\/\/nvnoticias.mx\/index.php\/wp-json\/wp\/v2\/types\/post"}],"author":[{"embeddable":true,"href":"https:\/\/nvnoticias.mx\/index.php\/wp-json\/wp\/v2\/users\/6"}],"replies":[{"embeddable":true,"href":"https:\/\/nvnoticias.mx\/index.php\/wp-json\/wp\/v2\/comments?post=201306"}],"version-history":[{"count":1,"href":"https:\/\/nvnoticias.mx\/index.php\/wp-json\/wp\/v2\/posts\/201306\/revisions"}],"predecessor-version":[{"id":201308,"href":"https:\/\/nvnoticias.mx\/index.php\/wp-json\/wp\/v2\/posts\/201306\/revisions\/201308"}],"wp:featuredmedia":[{"embeddable":true,"href":"https:\/\/nvnoticias.mx\/index.php\/wp-json\/wp\/v2\/media\/201307"}],"wp:attachment":[{"href":"https:\/\/nvnoticias.mx\/index.php\/wp-json\/wp\/v2\/media?parent=201306"}],"wp:term":[{"taxonomy":"category","embeddable":true,"href":"https:\/\/nvnoticias.mx\/index.php\/wp-json\/wp\/v2\/categories?post=201306"},{"taxonomy":"post_tag","embeddable":true,"href":"https:\/\/nvnoticias.mx\/index.php\/wp-json\/wp\/v2\/tags?post=201306"}],"curies":[{"name":"wp","href":"https:\/\/api.w.org\/{rel}","templated":true}]}}