{"id":201245,"date":"2025-11-20T14:01:50","date_gmt":"2025-11-20T20:01:50","guid":{"rendered":"https:\/\/nvnoticias.mx\/?p=201245"},"modified":"2025-11-20T14:01:56","modified_gmt":"2025-11-20T20:01:56","slug":"pueblos-magicos-de-veracruz-obtienen-categoria-aa","status":"publish","type":"post","link":"https:\/\/nvnoticias.mx\/index.php\/2025\/11\/20\/pueblos-magicos-de-veracruz-obtienen-categoria-aa\/","title":{"rendered":"Pueblos m\u00e1gicos de Veracruz obtienen categor\u00eda AA"},"content":{"rendered":"\n<p><\/p>\n\n\n\n<p><strong>Sam Ojeda \/ NV Noticias<\/strong><\/p>\n\n\n\n<p>Xalapa.- Los ocho Pueblos M\u00e1gicos de Veracruz fueron evaluados con categor\u00eda AA, la calificaci\u00f3n m\u00e1s alta otorgada en el Tianguis de Pueblos M\u00e1gicos celebrado en Pachuca, lo que coloc\u00f3 al estado como el mejor posicionado del pa\u00eds, inform\u00f3 el titular de la Secretar\u00eda de Turismo, Igor Roj\u00ed.<\/p>\n\n\n\n<p>El funcionario detall\u00f3 que, adem\u00e1s del reconocimiento general, cuatro localidades veracruzanas se ubicaron dentro de los diez primeros lugares del ranking nacional, lo que reafirma el desempe\u00f1o tur\u00edstico del estado.<\/p>\n\n\n\n<p>\u201cLos ocho est\u00e1n en categor\u00eda AA\u2026 fuimos el estado mejor calificado de los 32. Tenemos cuatro de los Pueblos M\u00e1gicos en los primeros diez lugares: el uno, el dos, el seis y el siete\u201d, coment\u00f3.<\/p>\n\n\n\n<p>Aunque por ahora no existe convocatoria federal para incorporar nuevos destinos al programa, la Secretar\u00eda de Turismo estatal ya trabaja en posibles candidaturas para cuando se abra el proceso.<\/p>\n\n\n\n<p>\u201cNo hay convocatoria abierta, pero cuando se reactive tenemos intenciones. Yo creo que podr\u00edan ser tres m\u00e1s: Santiago, San Andr\u00e9s y Misantla\u201d, adelant\u00f3.<\/p>\n\n\n\n<p>Roj\u00ed se\u00f1al\u00f3 que, pese a la ausencia de lineamientos actuales, las comunidades interesadas ya est\u00e1n recibiendo acompa\u00f1amiento para integrar expedientes y reunir la documentaci\u00f3n requerida.<\/p>\n\n\n\n<p>\u201cHay que comenzar a trabajar con ellos para que tengan toda su documentaci\u00f3n en orden; los vamos a proponer cuando se abra la convocatoria\u201d, afirm\u00f3.<br><\/p>\n","protected":false},"excerpt":{"rendered":"<p>Sam Ojeda \/ NV Noticias Xalapa.- Los ocho Pueblos M\u00e1gicos de Veracruz fueron evaluados con categor\u00eda AA, la calificaci\u00f3n m\u00e1s alta otorgada en el Tianguis de Pueblos M\u00e1gicos celebrado en Pachuca, lo que coloc\u00f3 al estado como el mejor posicionado del pa\u00eds, inform\u00f3 el titular de la Secretar\u00eda de Turismo, Igor Roj\u00ed. El funcionario detall\u00f3 [&hellip;]<\/p>\n","protected":false},"author":8,"featured_media":112121,"comment_status":"open","ping_status":"open","sticky":false,"template":"","format":"standard","meta":{"_monsterinsights_skip_tracking":false,"_monsterinsights_sitenote_active":false,"_monsterinsights_sitenote_note":"","_monsterinsights_sitenote_category":0,"footnotes":""},"categories":[156],"tags":[32659,16599,180],"class_list":["post-201245","post","type-post","status-publish","format-standard","has-post-thumbnail","hentry","category-estado","tag-categoria-aa","tag-pueblos-magicos","tag-veracruz","wp-image-borders"],"amp_enabled":true,"_links":{"self":[{"href":"https:\/\/nvnoticias.mx\/index.php\/wp-json\/wp\/v2\/posts\/201245","targetHints":{"allow":["GET"]}}],"collection":[{"href":"https:\/\/nvnoticias.mx\/index.php\/wp-json\/wp\/v2\/posts"}],"about":[{"href":"https:\/\/nvnoticias.mx\/index.php\/wp-json\/wp\/v2\/types\/post"}],"author":[{"embeddable":true,"href":"https:\/\/nvnoticias.mx\/index.php\/wp-json\/wp\/v2\/users\/8"}],"replies":[{"embeddable":true,"href":"https:\/\/nvnoticias.mx\/index.php\/wp-json\/wp\/v2\/comments?post=201245"}],"version-history":[{"count":1,"href":"https:\/\/nvnoticias.mx\/index.php\/wp-json\/wp\/v2\/posts\/201245\/revisions"}],"predecessor-version":[{"id":201246,"href":"https:\/\/nvnoticias.mx\/index.php\/wp-json\/wp\/v2\/posts\/201245\/revisions\/201246"}],"wp:featuredmedia":[{"embeddable":true,"href":"https:\/\/nvnoticias.mx\/index.php\/wp-json\/wp\/v2\/media\/112121"}],"wp:attachment":[{"href":"https:\/\/nvnoticias.mx\/index.php\/wp-json\/wp\/v2\/media?parent=201245"}],"wp:term":[{"taxonomy":"category","embeddable":true,"href":"https:\/\/nvnoticias.mx\/index.php\/wp-json\/wp\/v2\/categories?post=201245"},{"taxonomy":"post_tag","embeddable":true,"href":"https:\/\/nvnoticias.mx\/index.php\/wp-json\/wp\/v2\/tags?post=201245"}],"curies":[{"name":"wp","href":"https:\/\/api.w.org\/{rel}","templated":true}]}}