{"id":201243,"date":"2025-11-20T13:58:43","date_gmt":"2025-11-20T19:58:43","guid":{"rendered":"https:\/\/nvnoticias.mx\/?p=201243"},"modified":"2025-11-20T13:58:48","modified_gmt":"2025-11-20T19:58:48","slug":"vivienda-social-generara-una-derrama-historica-en-veracruz","status":"publish","type":"post","link":"https:\/\/nvnoticias.mx\/index.php\/2025\/11\/20\/vivienda-social-generara-una-derrama-historica-en-veracruz\/","title":{"rendered":"Vivienda social generar\u00e1 una derrama hist\u00f3rica en Veracruz"},"content":{"rendered":"\n<p><br><strong>Jes\u00fas Utrilla \/ NV Noticias <\/strong><\/p>\n\n\n\n<p><br>El programa federal Vivienda del Bienestar, que plantea edificar 1 mill\u00f3n 800 mil casas durante los pr\u00f3ximos cinco a\u00f1os, beneficiar\u00e1 a Veracruz. Marcos Ordu\u00f1a Alcocer, presidente de la C\u00e1mara Nacional de la Industria de Desarrollo y Promoci\u00f3n de Vivienda (Canadevi) en Veracruz, destac\u00f3 que este esquema federal no solo permitir\u00e1 atender a familias con ingresos de uno a dos salarios m\u00ednimos, sino que detonar\u00e1 una amplia cadena productiva.<\/p>\n\n\n\n<p><br>\u201cEstamos hablando de construir 1 mill\u00f3n 800 mil viviendas en lo que resta del sexenio, y eso representa una inversi\u00f3n superior a 1.08 billones de pesos, es un programa muy, muy ben\u00e9fico que ya inici\u00f3 y que el pr\u00f3ximo a\u00f1o tendr\u00e1 una mayor producci\u00f3n, en beneficio de todos\u201d.<\/p>\n\n\n\n<p><br>El proyecto, considerado uno de los ejes econ\u00f3micos del actual sexenio, dirigir\u00e1 una parte sustancial de su inversi\u00f3n al sureste del pa\u00eds, incluida la entidad veracruzana.<\/p>\n\n\n\n<p><br>Marcos Ordu\u00f1a explic\u00f3 que los estados del sureste, entre ellos Veracruz, Tabasco, Campeche, Yucat\u00e1n, Quintana Roo, Chiapas, Oaxaca y Guerrero, recibir\u00e1n una proporci\u00f3n mayor de recursos debido al perfil salarial de su poblaci\u00f3n, lo que convierte a la regi\u00f3n en un punto estrat\u00e9gico para el despliegue del programa. La coordinaci\u00f3n con autoridades locales ser\u00e1 importante\u00a0 para materializar esta meta.<\/p>\n\n\n\n<p><br>\u201cHay una gran oportunidad para nuestra entidad, y el trabajo que est\u00e1 realizando Anil\u00fa Ingram y su equipo es excelente para que muchos de esos recursos realmente bajen a Veracruz, la vivienda puede convertirse en el motor econ\u00f3mico del sexenio\u201d.<\/p>\n\n\n\n<p><br>El dirigente de Canadevi apunt\u00f3 que el impacto no se limita al sector desarrollador, pues involucra permisos municipales, suministros, materiales de construcci\u00f3n, mobiliario y servicios, generando una derrama econ\u00f3mica que alcanzar\u00e1 a diversas industrias. Consider\u00f3 que este ciclo virtuoso solo funcionar\u00e1 si los empresarios contin\u00faan cumpliendo con sus obligaciones fiscales y participan en los proyectos.<\/p>\n\n\n\n<p><br>Reiter\u00f3 que la vivienda social representa un beneficio al promover inversi\u00f3n, empleo y desarrollo urbano en los municipios veracruzanos.<\/p>\n","protected":false},"excerpt":{"rendered":"<p>Jes\u00fas Utrilla \/ NV Noticias El programa federal Vivienda del Bienestar, que plantea edificar 1 mill\u00f3n 800 mil casas durante los pr\u00f3ximos cinco a\u00f1os, beneficiar\u00e1 a Veracruz. Marcos Ordu\u00f1a Alcocer, presidente de la C\u00e1mara Nacional de la Industria de Desarrollo y Promoci\u00f3n de Vivienda (Canadevi) en Veracruz, destac\u00f3 que este esquema federal no solo permitir\u00e1 [&hellip;]<\/p>\n","protected":false},"author":8,"featured_media":82581,"comment_status":"open","ping_status":"open","sticky":false,"template":"","format":"standard","meta":{"_monsterinsights_skip_tracking":false,"_monsterinsights_sitenote_active":false,"_monsterinsights_sitenote_note":"","_monsterinsights_sitenote_category":0,"footnotes":""},"categories":[154],"tags":[10002,180,32658],"class_list":["post-201243","post","type-post","status-publish","format-standard","has-post-thumbnail","hentry","category-veracruz","tag-derrama","tag-veracruz","tag-vivienda-social","wp-image-borders"],"amp_enabled":true,"_links":{"self":[{"href":"https:\/\/nvnoticias.mx\/index.php\/wp-json\/wp\/v2\/posts\/201243","targetHints":{"allow":["GET"]}}],"collection":[{"href":"https:\/\/nvnoticias.mx\/index.php\/wp-json\/wp\/v2\/posts"}],"about":[{"href":"https:\/\/nvnoticias.mx\/index.php\/wp-json\/wp\/v2\/types\/post"}],"author":[{"embeddable":true,"href":"https:\/\/nvnoticias.mx\/index.php\/wp-json\/wp\/v2\/users\/8"}],"replies":[{"embeddable":true,"href":"https:\/\/nvnoticias.mx\/index.php\/wp-json\/wp\/v2\/comments?post=201243"}],"version-history":[{"count":1,"href":"https:\/\/nvnoticias.mx\/index.php\/wp-json\/wp\/v2\/posts\/201243\/revisions"}],"predecessor-version":[{"id":201244,"href":"https:\/\/nvnoticias.mx\/index.php\/wp-json\/wp\/v2\/posts\/201243\/revisions\/201244"}],"wp:featuredmedia":[{"embeddable":true,"href":"https:\/\/nvnoticias.mx\/index.php\/wp-json\/wp\/v2\/media\/82581"}],"wp:attachment":[{"href":"https:\/\/nvnoticias.mx\/index.php\/wp-json\/wp\/v2\/media?parent=201243"}],"wp:term":[{"taxonomy":"category","embeddable":true,"href":"https:\/\/nvnoticias.mx\/index.php\/wp-json\/wp\/v2\/categories?post=201243"},{"taxonomy":"post_tag","embeddable":true,"href":"https:\/\/nvnoticias.mx\/index.php\/wp-json\/wp\/v2\/tags?post=201243"}],"curies":[{"name":"wp","href":"https:\/\/api.w.org\/{rel}","templated":true}]}}