{"id":201231,"date":"2025-11-20T13:01:41","date_gmt":"2025-11-20T19:01:41","guid":{"rendered":"https:\/\/nvnoticias.mx\/?p=201231"},"modified":"2025-11-20T13:01:45","modified_gmt":"2025-11-20T19:01:45","slug":"revelan-trailer-de-los-juegos-del-hambre-amanecer-en-la-cosecha","status":"publish","type":"post","link":"https:\/\/nvnoticias.mx\/index.php\/2025\/11\/20\/revelan-trailer-de-los-juegos-del-hambre-amanecer-en-la-cosecha\/","title":{"rendered":"Revelan tr\u00e1iler de &#8216;Los Juegos del Hambre: Amanecer en la cosecha&#8217;"},"content":{"rendered":"\n<p>&#8216;<strong>Los Juegos del Hambre: Amanecer en la cosecha<\/strong>&#8216; ha publicado su primer tr\u00e1iler. Una pel\u00edcula que tiene previsto su estreno en cines el\u00a0<strong>20 de noviembre de 2026<\/strong>, y que se presenta en forma de secuela, centrada concretamente en el pasado de un personaje tan querido como\u00a0<strong>Haymitch Abernathy<\/strong>\u00a0y la edici\u00f3n 50\u00aa de los Juegos.<\/p>\n\n\n\n<p>Una precuela que cuenta con un\u00a0reparto\u00a0destacado en el que sobresalen artistas de la talla de\u00a0<strong>Ralph Fiennes<\/strong>, Jesse Plemons, Elle Fanning y Kieran Culkin. Como protagonista, un joven Joseph Zada, contando con otros artistas j\u00f3venes en alza como Mckenna Grace, Ben Wang y Maya Hawke.<\/p>\n\n\n\n<p>La saga creada por&nbsp;<strong>Suzanne Collins<\/strong>&nbsp;sigue destacando y apuesta por una nueva entrega en la gran pantalla. Se trata del quinto libro de la obra, siendo al igual que \u2018Balada de p\u00e1jaros cantaores y serpientes\u2019 una precuela, en esta ocasi\u00f3n mucho m\u00e1s cercana a la trilog\u00eda original en los sucesos que desarrolla.<\/p>\n\n\n\n<p>La 50\u00aa edici\u00f3n de los Juegos del Hambre destaca por su brutalidad, con cada distrito teniendo que presentar el doble de tributos de lo habitual. Una historia emotiva y llena de dramatismo que nos permitir\u00e1 conocer mejor a su carism\u00e1tico protagonista, una de las figuras m\u00e1s queridas dentro del universo creado por Collins.<\/p>\n","protected":false},"excerpt":{"rendered":"<p>&#8216;Los Juegos del Hambre: Amanecer en la cosecha&#8216; ha publicado su primer tr\u00e1iler. Una pel\u00edcula que tiene previsto su estreno en cines el\u00a020 de noviembre de 2026, y que se presenta en forma de secuela, centrada concretamente en el pasado de un personaje tan querido como\u00a0Haymitch Abernathy\u00a0y la edici\u00f3n 50\u00aa de los Juegos. Una precuela [&hellip;]<\/p>\n","protected":false},"author":35,"featured_media":201233,"comment_status":"open","ping_status":"open","sticky":false,"template":"","format":"standard","meta":{"_monsterinsights_skip_tracking":false,"_monsterinsights_sitenote_active":false,"_monsterinsights_sitenote_note":"","_monsterinsights_sitenote_category":0,"footnotes":""},"categories":[576],"tags":[30199],"class_list":["post-201231","post","type-post","status-publish","format-standard","has-post-thumbnail","hentry","category-ocio","tag-the-hunger-games-sunrise-of-the-reaping","wp-image-borders"],"amp_enabled":true,"_links":{"self":[{"href":"https:\/\/nvnoticias.mx\/index.php\/wp-json\/wp\/v2\/posts\/201231","targetHints":{"allow":["GET"]}}],"collection":[{"href":"https:\/\/nvnoticias.mx\/index.php\/wp-json\/wp\/v2\/posts"}],"about":[{"href":"https:\/\/nvnoticias.mx\/index.php\/wp-json\/wp\/v2\/types\/post"}],"author":[{"embeddable":true,"href":"https:\/\/nvnoticias.mx\/index.php\/wp-json\/wp\/v2\/users\/35"}],"replies":[{"embeddable":true,"href":"https:\/\/nvnoticias.mx\/index.php\/wp-json\/wp\/v2\/comments?post=201231"}],"version-history":[{"count":3,"href":"https:\/\/nvnoticias.mx\/index.php\/wp-json\/wp\/v2\/posts\/201231\/revisions"}],"predecessor-version":[{"id":201235,"href":"https:\/\/nvnoticias.mx\/index.php\/wp-json\/wp\/v2\/posts\/201231\/revisions\/201235"}],"wp:featuredmedia":[{"embeddable":true,"href":"https:\/\/nvnoticias.mx\/index.php\/wp-json\/wp\/v2\/media\/201233"}],"wp:attachment":[{"href":"https:\/\/nvnoticias.mx\/index.php\/wp-json\/wp\/v2\/media?parent=201231"}],"wp:term":[{"taxonomy":"category","embeddable":true,"href":"https:\/\/nvnoticias.mx\/index.php\/wp-json\/wp\/v2\/categories?post=201231"},{"taxonomy":"post_tag","embeddable":true,"href":"https:\/\/nvnoticias.mx\/index.php\/wp-json\/wp\/v2\/tags?post=201231"}],"curies":[{"name":"wp","href":"https:\/\/api.w.org\/{rel}","templated":true}]}}