{"id":201212,"date":"2025-11-20T12:46:04","date_gmt":"2025-11-20T18:46:04","guid":{"rendered":"https:\/\/nvnoticias.mx\/?p=201212"},"modified":"2025-11-20T12:46:09","modified_gmt":"2025-11-20T18:46:09","slug":"segunda-marcha-de-la-generacion-z","status":"publish","type":"post","link":"https:\/\/nvnoticias.mx\/index.php\/2025\/11\/20\/segunda-marcha-de-la-generacion-z\/","title":{"rendered":"Segunda marcha de la Generaci\u00f3n Z"},"content":{"rendered":"\n<p>Cerca de un centenar de manifestantes, que participan en la segunda marcha de la llamada de Generaci\u00f3n Z, avanzaron desde el \u00c1ngel de la Independencia hasta la glorieta de Amajac, sobre Paseo de la Reforma, donde una valla de elementos de la Secretar\u00eda de Seguridad Ciudadana de la CDMX les impidi\u00f3 el paso.<\/p>\n\n\n\n<p>Los manifestantes, quienes lanzan consignas en contra de Morena, han solicitado avanzar y seguir su marcha hasta el Z\u00f3calo.<\/p>\n\n\n\n<p>A su llegada a la Glorieta de las mujeres que luchan, algunos de los manifestantes empezaron a entonar el Himno Nacional, mientras otros reprocharon a los polic\u00edas que les cerraran el paso.<\/p>\n\n\n\n<p>Una mujer que refiri\u00f3 que acud\u00eda para defender a sus hijos, reclam\u00f3 que \u201csi tuvi\u00e9ramos un gobierno como el de Bukele aqu\u00ed s\u00ed habr\u00eda medicinas\u201d, en referencia al presidente de El Salvador, Nayib Bukele. Otra mujer mostr\u00f3 una pancarta en la que dec\u00eda \u201cS.O.S. USA\u201d y con un mensaje en ingl\u00e9s con el que ped\u00eda la \u201cayuda\u201d de Estados Unidos.<\/p>\n\n\n\n<p>Sin embargo, en estos momentos contin\u00faa el desfile con motivo del 20 de Noviembre, justo en el cruce de Paseo de la Reforma y Avenida Ju\u00e1rez.<\/p>\n\n\n\n<p>La movilizaci\u00f3n que hasta este momento transcurre con tranquilidad, est\u00e1 integrada principalmente por adultos y personas de la tercera edad, quienes se han identificado como \u201cpadres\u201d de la Generaci\u00f3n Z. Ha sido notorio la asistencia de medios de comunicaci\u00f3n y vendedores ambulantes que duplican el n\u00famero a los asistentes a la movilizaci\u00f3n.<\/p>\n\n\n\n<p>La marcha inici\u00f3 en el \u00c1ngel de la Independencia con apenas una veintena de manifestantes, quienes aseguraron que la falta de asistentes se debe a que la \u201cgente est\u00e1 trabajando\u201d, los manifestantes iniciaron su avance rodeados por casi un centenar de medios de representantes de medios de comunicaci\u00f3n.&nbsp;<\/p>\n\n\n\n<p>La falta de manifestantes no impidi\u00f3 que s\u00ed llegaran puntuales a la cita, una decena de vendedores que ofrec\u00edan banderas con la imagen del manga One Piece, sombreros con mo\u00f1o negro y banderas de M\u00e9xico con el rostro de Carlos Manzo.&nbsp;<\/p>\n\n\n\n<p>Fuente: La <a href=\"https:\/\/www.jornada.com.mx\/noticia\/2025\/11\/20\/politica\/apenas-una-veintena-de-manifestantes-participan-en-segunda-marcha-de-la-gen-z\">Jornada<\/a> <\/p>\n","protected":false},"excerpt":{"rendered":"<p>Cerca de un centenar de manifestantes, que participan en la segunda marcha de la llamada de Generaci\u00f3n Z, avanzaron desde el \u00c1ngel de la Independencia hasta la glorieta de Amajac, sobre Paseo de la Reforma, donde una valla de elementos de la Secretar\u00eda de Seguridad Ciudadana de la CDMX les impidi\u00f3 el paso. Los manifestantes, [&hellip;]<\/p>\n","protected":false},"author":35,"featured_media":201214,"comment_status":"open","ping_status":"open","sticky":false,"template":"","format":"standard","meta":{"_monsterinsights_skip_tracking":false,"_monsterinsights_sitenote_active":false,"_monsterinsights_sitenote_note":"","_monsterinsights_sitenote_category":0,"footnotes":""},"categories":[157],"tags":[32655,162],"class_list":["post-201212","post","type-post","status-publish","format-standard","has-post-thumbnail","hentry","category-nacional","tag-marcha-de-la-generacion-z","tag-portada","wp-image-borders"],"amp_enabled":true,"_links":{"self":[{"href":"https:\/\/nvnoticias.mx\/index.php\/wp-json\/wp\/v2\/posts\/201212","targetHints":{"allow":["GET"]}}],"collection":[{"href":"https:\/\/nvnoticias.mx\/index.php\/wp-json\/wp\/v2\/posts"}],"about":[{"href":"https:\/\/nvnoticias.mx\/index.php\/wp-json\/wp\/v2\/types\/post"}],"author":[{"embeddable":true,"href":"https:\/\/nvnoticias.mx\/index.php\/wp-json\/wp\/v2\/users\/35"}],"replies":[{"embeddable":true,"href":"https:\/\/nvnoticias.mx\/index.php\/wp-json\/wp\/v2\/comments?post=201212"}],"version-history":[{"count":4,"href":"https:\/\/nvnoticias.mx\/index.php\/wp-json\/wp\/v2\/posts\/201212\/revisions"}],"predecessor-version":[{"id":201217,"href":"https:\/\/nvnoticias.mx\/index.php\/wp-json\/wp\/v2\/posts\/201212\/revisions\/201217"}],"wp:featuredmedia":[{"embeddable":true,"href":"https:\/\/nvnoticias.mx\/index.php\/wp-json\/wp\/v2\/media\/201214"}],"wp:attachment":[{"href":"https:\/\/nvnoticias.mx\/index.php\/wp-json\/wp\/v2\/media?parent=201212"}],"wp:term":[{"taxonomy":"category","embeddable":true,"href":"https:\/\/nvnoticias.mx\/index.php\/wp-json\/wp\/v2\/categories?post=201212"},{"taxonomy":"post_tag","embeddable":true,"href":"https:\/\/nvnoticias.mx\/index.php\/wp-json\/wp\/v2\/tags?post=201212"}],"curies":[{"name":"wp","href":"https:\/\/api.w.org\/{rel}","templated":true}]}}