{"id":201158,"date":"2025-11-20T10:00:02","date_gmt":"2025-11-20T16:00:02","guid":{"rendered":"https:\/\/nvnoticias.mx\/?p=201158"},"modified":"2025-11-20T10:00:07","modified_gmt":"2025-11-20T16:00:07","slug":"rescatan-otra-vez-al-joven-que-se-subio-a-la-torre-de-pemex-ahora-se-subio-a-un-espectacular","status":"publish","type":"post","link":"https:\/\/nvnoticias.mx\/index.php\/2025\/11\/20\/rescatan-otra-vez-al-joven-que-se-subio-a-la-torre-de-pemex-ahora-se-subio-a-un-espectacular\/","title":{"rendered":"Rescatan otra vez al joven que se subi\u00f3 a la Torre de Pemex; ahora se subi\u00f3 a un espectacular"},"content":{"rendered":"\n<p><\/p>\n\n\n\n<p><strong>Jes\u00fas Utrilla \/ NV Noticias <\/strong><\/p>\n\n\n\n<p>Un joven identificado como Daniel \u201cN\u201d volvi\u00f3 a generar una fuerte movilizaci\u00f3n de emergencia en Veracruz, apenas dos d\u00edas despu\u00e9s de haber escalado la Torre de Pemex. En esta ocasi\u00f3n, el muchacho subi\u00f3 a la estructura de un anuncio espectacular ubicado cerca del bulevar Manuel \u00c1vila Camacho, lo que alarm\u00f3 a vecinos y automovilistas desde las primeras horas del jueves.<\/p>\n\n\n\n<p>Las personas que pasaban por la zona observaron que el individuo se desplazaba sobre los tubos met\u00e1licos del anuncio y en ocasiones se quedaba sentado en la parte alta, sin ninguna medida de seguridad. Ante el temor de que pudiera caer o lastimarse, decidieron llamar al n\u00famero de emergencias.<\/p>\n\n\n\n<p>Elementos de la Secretar\u00eda de Seguridad P\u00fablica arribaron para intentar entablar conversaci\u00f3n con el joven, y de inmediato confirmaron que se trataba del mismo que d\u00edas antes hab\u00eda escalado la torre petrolera.<\/p>\n\n\n\n<p>Minutos m\u00e1s tarde llegaron tambi\u00e9n bomberos municipales, encabezados por su comandante, Alfonso Garc\u00eda Cardona, quien subi\u00f3 personalmente para hablar con Daniel y tranquilizarlo.<\/p>\n\n\n\n<p>Tras varios intentos, el di\u00e1logo surti\u00f3 efecto y los rescatistas lograron que el joven aceptara descender. Con ayuda de equipo especializado, lo aseguraron y lo guiaron hasta tierra firme, concluyendo el operativo sin incidentes mayores.<\/p>\n","protected":false},"excerpt":{"rendered":"<p>Jes\u00fas Utrilla \/ NV Noticias Un joven identificado como Daniel \u201cN\u201d volvi\u00f3 a generar una fuerte movilizaci\u00f3n de emergencia en Veracruz, apenas dos d\u00edas despu\u00e9s de haber escalado la Torre de Pemex. En esta ocasi\u00f3n, el muchacho subi\u00f3 a la estructura de un anuncio espectacular ubicado cerca del bulevar Manuel \u00c1vila Camacho, lo que alarm\u00f3 [&hellip;]<\/p>\n","protected":false},"author":8,"featured_media":201161,"comment_status":"open","ping_status":"open","sticky":false,"template":"","format":"standard","meta":{"_monsterinsights_skip_tracking":false,"_monsterinsights_sitenote_active":false,"_monsterinsights_sitenote_note":"","_monsterinsights_sitenote_category":0,"footnotes":""},"categories":[154],"tags":[22481,6153,1521],"class_list":["post-201158","post","type-post","status-publish","format-standard","has-post-thumbnail","hentry","category-veracruz","tag-espectacular","tag-hombre","tag-rescate","wp-image-borders"],"amp_enabled":true,"_links":{"self":[{"href":"https:\/\/nvnoticias.mx\/index.php\/wp-json\/wp\/v2\/posts\/201158","targetHints":{"allow":["GET"]}}],"collection":[{"href":"https:\/\/nvnoticias.mx\/index.php\/wp-json\/wp\/v2\/posts"}],"about":[{"href":"https:\/\/nvnoticias.mx\/index.php\/wp-json\/wp\/v2\/types\/post"}],"author":[{"embeddable":true,"href":"https:\/\/nvnoticias.mx\/index.php\/wp-json\/wp\/v2\/users\/8"}],"replies":[{"embeddable":true,"href":"https:\/\/nvnoticias.mx\/index.php\/wp-json\/wp\/v2\/comments?post=201158"}],"version-history":[{"count":1,"href":"https:\/\/nvnoticias.mx\/index.php\/wp-json\/wp\/v2\/posts\/201158\/revisions"}],"predecessor-version":[{"id":201162,"href":"https:\/\/nvnoticias.mx\/index.php\/wp-json\/wp\/v2\/posts\/201158\/revisions\/201162"}],"wp:featuredmedia":[{"embeddable":true,"href":"https:\/\/nvnoticias.mx\/index.php\/wp-json\/wp\/v2\/media\/201161"}],"wp:attachment":[{"href":"https:\/\/nvnoticias.mx\/index.php\/wp-json\/wp\/v2\/media?parent=201158"}],"wp:term":[{"taxonomy":"category","embeddable":true,"href":"https:\/\/nvnoticias.mx\/index.php\/wp-json\/wp\/v2\/categories?post=201158"},{"taxonomy":"post_tag","embeddable":true,"href":"https:\/\/nvnoticias.mx\/index.php\/wp-json\/wp\/v2\/tags?post=201158"}],"curies":[{"name":"wp","href":"https:\/\/api.w.org\/{rel}","templated":true}]}}