{"id":201117,"date":"2025-11-19T13:49:54","date_gmt":"2025-11-19T19:49:54","guid":{"rendered":"https:\/\/nvnoticias.mx\/?p=201117"},"modified":"2025-11-19T13:49:59","modified_gmt":"2025-11-19T19:49:59","slug":"sheinbaum-analiza-convocar-a-festejos-por-7-anos-de-gobiernos-de-transformacion","status":"publish","type":"post","link":"https:\/\/nvnoticias.mx\/index.php\/2025\/11\/19\/sheinbaum-analiza-convocar-a-festejos-por-7-anos-de-gobiernos-de-transformacion\/","title":{"rendered":"Sheinbaum analiza convocar a festejos por 7 a\u00f1os de &#8220;gobiernos de transformaci\u00f3n&#8221;"},"content":{"rendered":"\n<p>La presidenta, Claudia Sheinbaum Pardo, consider\u00f3 que en siete a\u00f1os de &#8220;gobiernos de la transformaci\u00f3n\u201d M\u00e9xico es distinto, por lo que hay motivos para celebrar.<\/p>\n\n\n\n<p>Si bien, reconoci\u00f3 que existen problemas en el pa\u00eds a resolver, hay motivos para convocar a una movilizaci\u00f3n de festejo, misma que se sigue analizando.<\/p>\n\n\n\n<p>En la ma\u00f1anera, la mandataria federal se\u00f1al\u00f3 que el 1\u00b0 de diciembre se cumplen siete a\u00f1os de la llegada del primer gobierno de la transformaci\u00f3n, el de Andr\u00e9s Manuel L\u00f3pez Obrador, con lo que inici\u00f3 un cambio en el pa\u00eds.<\/p>\n\n\n\n<p>Esto, a prop\u00f3sito de una pregunta en torno a una movilizaci\u00f3n de apoyo a su gesti\u00f3n que circula en redes sociales y se anuncia a realizarse para el 8 de diciembre.<\/p>\n\n\n\n<p>\u201cHab\u00edamos pensando nosotros, estamos en eso, convocar a una celebraci\u00f3n de siete a\u00f1os de transformaci\u00f3n en el pa\u00eds. Hay mucho apoyo popular al movimiento de transformaci\u00f3n, la mayor\u00eda est\u00e1 con el movimiento de transformaci\u00f3n, la oposici\u00f3n cada vez tiene menos presencia, porque no tiene nada que ofrecer\u201d.<\/p>\n\n\n\n<p>Remarc\u00f3 que en una democracia debe existir la oposici\u00f3n y la diversidad de pensamientos, sin embargo, hoy en d\u00eda los opositores en el pa\u00eds no ofrecen un proyecto para el pueblo.&nbsp;<\/p>\n\n\n\n<p>\u201cLo que le ha pasado a la oposici\u00f3n en M\u00e9xico es que ya es contra todo y a favor de nada, y adem\u00e1s con mucha mentira, mucha hipocres\u00eda. \u00bfQu\u00e9 proponen? Como no hay propuesta, porque no hay propuesta, ahora la propuesta es la ultraderecha. \u00a1Imag\u00ednense en M\u00e9xico! Como no hay propuesta, la gente tampoco lo sigue y luego cuando ven actos violentos, pues menos\u201d.<\/p>\n\n\n\n<p>La jefa del Ejecutivo insisti\u00f3 en su llamado a las movilizaciones pac\u00edficas y reiter\u00f3 que en el pa\u00eds existen libertades como la de reuni\u00f3n, movilizaci\u00f3n, manifestaci\u00f3n, expresi\u00f3n. \u201cBueno la libertad de prensa, nadie puede cuestionarla, la verdad, una televisora hablando todo el d\u00eda contra nosotros, si eso no fuera libertad de expresi\u00f3n imag\u00ednense\u201d.<\/p>\n\n\n\n<p>Aunque acot\u00f3 que toda libertad conlleva responsabilidad para los ciudadanos. \u201cLa libertad no es libertinaje, la libertad representa una responsabilidad del ciudadano, que es cumplir con un marco legal que tienen nuestro pa\u00eds. Claro, si hubiera represi\u00f3n, pensamiento \u00fanico, si no se permitieran las manifestaciones, pues incluso surgen otras formas de lucha. Pero aqu\u00ed en M\u00e9xico hay libertad de todo, de todo. Absoluta libertad de todo\u201d.<\/p>\n\n\n\n<p>La Presidenta dijo que aun analiza si llamar o no a la movilizaci\u00f3n para festejar los siete a\u00f1os de transformaci\u00f3n.<\/p>\n\n\n\n<p>\u201cVamos a ver con los compa\u00f1eros si hacemos esta celebraci\u00f3n, que estar\u00eda bien. La verdad, hay mucho que celebrar. F\u00edjense: r\u00e9cord en inversi\u00f3n extranjera directa, celebraci\u00f3n; la s\u00faper computadora m\u00e1s grande en Am\u00e9rica Latina, celebraci\u00f3n; todos los adultos mayores tienen pensi\u00f3n universal, celebraci\u00f3n; todos los j\u00f3venes de secundaria tienen beca, celebraci\u00f3n; todos los de preparatoria tienen beca, celebraci\u00f3n; aumento de 125 por ciento del salario m\u00ednimo, es algo que celebrar\u201d.<\/p>\n\n\n\n<p>Otros motivos de regocijo, agreg\u00f3, son programas como Sembrando Vida y J\u00f3venes Construyendo el Futuro; que habr\u00e1 m\u00e1s preparatorias cerca de las casas de las familias y m\u00e1s universidades; que \u201ces tiempo de mujeres; el que 13.5 millones de mexicanos hayan salido de la pobreza y exista menos desigualdad; que el peso sea la moneda que \u201cmejor se comporta\u201d en Latinoam\u00e9rica; que no hay inflaci\u00f3n y existen acuerdos con la iniciativa privada para mantener en 910 pesos el precio de la canasta b\u00e1sica, que la Suprema Corte de Justicia \u201ces de todos\u201d.<\/p>\n\n\n\n<p>\u201cEntonces s\u00ed, es un M\u00e9xico distinto. Y hay problemas tambi\u00e9n, claro que hay problemas en M\u00e9xico, pero para eso estamos para trabajar todos los d\u00edas por el bienestar de la gente, por la paz y la tranquilidad\u201d.<\/p>\n\n\n\n<p>Fuente: La <a href=\"https:\/\/www.jornada.com.mx\/noticia\/2025\/11\/19\/politica\/sheinbaum-analiza-convocatoria-a-festejos-por-7-anos-de-gobiernos-de-transformacion\">Jornada<\/a> <\/p>\n","protected":false},"excerpt":{"rendered":"<p>La presidenta, Claudia Sheinbaum Pardo, consider\u00f3 que en siete a\u00f1os de &#8220;gobiernos de la transformaci\u00f3n\u201d M\u00e9xico es distinto, por lo que hay motivos para celebrar. Si bien, reconoci\u00f3 que existen problemas en el pa\u00eds a resolver, hay motivos para convocar a una movilizaci\u00f3n de festejo, misma que se sigue analizando. En la ma\u00f1anera, la mandataria [&hellip;]<\/p>\n","protected":false},"author":35,"featured_media":201122,"comment_status":"open","ping_status":"open","sticky":false,"template":"","format":"standard","meta":{"_monsterinsights_skip_tracking":false,"_monsterinsights_sitenote_active":false,"_monsterinsights_sitenote_note":"","_monsterinsights_sitenote_category":0,"footnotes":""},"categories":[158],"tags":[2801],"class_list":["post-201117","post","type-post","status-publish","format-standard","has-post-thumbnail","hentry","category-politica","tag-claudia-sheinbaum","wp-image-borders"],"amp_enabled":true,"_links":{"self":[{"href":"https:\/\/nvnoticias.mx\/index.php\/wp-json\/wp\/v2\/posts\/201117","targetHints":{"allow":["GET"]}}],"collection":[{"href":"https:\/\/nvnoticias.mx\/index.php\/wp-json\/wp\/v2\/posts"}],"about":[{"href":"https:\/\/nvnoticias.mx\/index.php\/wp-json\/wp\/v2\/types\/post"}],"author":[{"embeddable":true,"href":"https:\/\/nvnoticias.mx\/index.php\/wp-json\/wp\/v2\/users\/35"}],"replies":[{"embeddable":true,"href":"https:\/\/nvnoticias.mx\/index.php\/wp-json\/wp\/v2\/comments?post=201117"}],"version-history":[{"count":2,"href":"https:\/\/nvnoticias.mx\/index.php\/wp-json\/wp\/v2\/posts\/201117\/revisions"}],"predecessor-version":[{"id":201124,"href":"https:\/\/nvnoticias.mx\/index.php\/wp-json\/wp\/v2\/posts\/201117\/revisions\/201124"}],"wp:featuredmedia":[{"embeddable":true,"href":"https:\/\/nvnoticias.mx\/index.php\/wp-json\/wp\/v2\/media\/201122"}],"wp:attachment":[{"href":"https:\/\/nvnoticias.mx\/index.php\/wp-json\/wp\/v2\/media?parent=201117"}],"wp:term":[{"taxonomy":"category","embeddable":true,"href":"https:\/\/nvnoticias.mx\/index.php\/wp-json\/wp\/v2\/categories?post=201117"},{"taxonomy":"post_tag","embeddable":true,"href":"https:\/\/nvnoticias.mx\/index.php\/wp-json\/wp\/v2\/tags?post=201117"}],"curies":[{"name":"wp","href":"https:\/\/api.w.org\/{rel}","templated":true}]}}