{"id":201111,"date":"2025-11-19T10:46:19","date_gmt":"2025-11-19T16:46:19","guid":{"rendered":"https:\/\/nvnoticias.mx\/?p=201111"},"modified":"2025-11-19T10:46:23","modified_gmt":"2025-11-19T16:46:23","slug":"ironiza-sheinbaum-sobre-contrato-del-pan-e-impulsor-de-la-marcha-z","status":"publish","type":"post","link":"https:\/\/nvnoticias.mx\/index.php\/2025\/11\/19\/ironiza-sheinbaum-sobre-contrato-del-pan-e-impulsor-de-la-marcha-z\/","title":{"rendered":"Ironiza Sheinbaum sobre contrato del PAN e  impulsor de la Marcha Z"},"content":{"rendered":"\n<p>\u201cMuy interesante\u201d, lanz\u00f3 la presidenta Claudia Sheinbaum Pardo luego que la dirigencia de Morena dio a conocer un presunto contrato entre el PAN y Edson Andrade \u2014quien se dice \u201capartidista\u201d y es uno de los principales impulsores de la llamada Marcha Z\u2014 por m\u00e1s de 2 millones 106 mil pesos.<\/p>\n\n\n\n<p>En la ma\u00f1anera de este mi\u00e9rcoles, a pregunta sobre el tema, llam\u00f3 a la ciudadan\u00eda a analizar este contrato y su posible intenci\u00f3n pol\u00edtica.<\/p>\n\n\n\n<p>\u201c\u00bfMuy interesante no? Muy interesante. La publicaci\u00f3n de ayer de Luisa Mar\u00eda (Alcalde, dirigente del partido guinda), mucha informaci\u00f3n para que se analice por todas y por todos\u201d, se\u00f1al\u00f3 brevemente la mandataria federal.<\/p>\n\n\n\n<p>Consultada tambi\u00e9n en torno al hecho de que uno de los detenidos por la movilizaci\u00f3n del s\u00e1bado pasado ser\u00eda delegado del Consejo Nacional del PAN en la alcald\u00eda Cuauht\u00e9moc, en la Ciudad de M\u00e9xico, la jefa del Ejecutivo insisti\u00f3:<\/p>\n\n\n\n<p>\u201c\u00a1Muy interesante! Para que todos lo analicen, para documentar\u201d.<\/p>\n\n\n\n<p>Fuente: La <a href=\"https:\/\/www.jornada.com.mx\/noticia\/2025\/11\/19\/politica\/muy-interesante-ironiza-sheinbaum-sobre-contrato-del-pan-y-edoson-andrade-impulsor-de-la-marcha-z\">Jornada<\/a> <\/p>\n","protected":false},"excerpt":{"rendered":"<p>\u201cMuy interesante\u201d, lanz\u00f3 la presidenta Claudia Sheinbaum Pardo luego que la dirigencia de Morena dio a conocer un presunto contrato entre el PAN y Edson Andrade \u2014quien se dice \u201capartidista\u201d y es uno de los principales impulsores de la llamada Marcha Z\u2014 por m\u00e1s de 2 millones 106 mil pesos. En la ma\u00f1anera de este [&hellip;]<\/p>\n","protected":false},"author":35,"featured_media":201112,"comment_status":"open","ping_status":"open","sticky":false,"template":"","format":"standard","meta":{"_monsterinsights_skip_tracking":false,"_monsterinsights_sitenote_active":false,"_monsterinsights_sitenote_note":"","_monsterinsights_sitenote_category":0,"footnotes":""},"categories":[158],"tags":[2801,32642,284,162],"class_list":["post-201111","post","type-post","status-publish","format-standard","has-post-thumbnail","hentry","category-politica","tag-claudia-sheinbaum","tag-marcha-z","tag-pan","tag-portada","wp-image-borders"],"amp_enabled":true,"_links":{"self":[{"href":"https:\/\/nvnoticias.mx\/index.php\/wp-json\/wp\/v2\/posts\/201111","targetHints":{"allow":["GET"]}}],"collection":[{"href":"https:\/\/nvnoticias.mx\/index.php\/wp-json\/wp\/v2\/posts"}],"about":[{"href":"https:\/\/nvnoticias.mx\/index.php\/wp-json\/wp\/v2\/types\/post"}],"author":[{"embeddable":true,"href":"https:\/\/nvnoticias.mx\/index.php\/wp-json\/wp\/v2\/users\/35"}],"replies":[{"embeddable":true,"href":"https:\/\/nvnoticias.mx\/index.php\/wp-json\/wp\/v2\/comments?post=201111"}],"version-history":[{"count":4,"href":"https:\/\/nvnoticias.mx\/index.php\/wp-json\/wp\/v2\/posts\/201111\/revisions"}],"predecessor-version":[{"id":201116,"href":"https:\/\/nvnoticias.mx\/index.php\/wp-json\/wp\/v2\/posts\/201111\/revisions\/201116"}],"wp:featuredmedia":[{"embeddable":true,"href":"https:\/\/nvnoticias.mx\/index.php\/wp-json\/wp\/v2\/media\/201112"}],"wp:attachment":[{"href":"https:\/\/nvnoticias.mx\/index.php\/wp-json\/wp\/v2\/media?parent=201111"}],"wp:term":[{"taxonomy":"category","embeddable":true,"href":"https:\/\/nvnoticias.mx\/index.php\/wp-json\/wp\/v2\/categories?post=201111"},{"taxonomy":"post_tag","embeddable":true,"href":"https:\/\/nvnoticias.mx\/index.php\/wp-json\/wp\/v2\/tags?post=201111"}],"curies":[{"name":"wp","href":"https:\/\/api.w.org\/{rel}","templated":true}]}}