{"id":201091,"date":"2025-11-19T09:57:28","date_gmt":"2025-11-19T15:57:28","guid":{"rendered":"https:\/\/nvnoticias.mx\/?p=201091"},"modified":"2025-11-19T09:57:32","modified_gmt":"2025-11-19T15:57:32","slug":"anuncia-sheinbaum-creacion-de-una-supercomputadora-publica-en-mexico","status":"publish","type":"post","link":"https:\/\/nvnoticias.mx\/index.php\/2025\/11\/19\/anuncia-sheinbaum-creacion-de-una-supercomputadora-publica-en-mexico\/","title":{"rendered":"Anuncia Sheinbaum creaci\u00f3n de una supercomputadora p\u00fablica en M\u00e9xico"},"content":{"rendered":"\n<p>El gobierno mexicano firm\u00f3 con el Centro Nacional de Supercomputaci\u00f3n en Espa\u00f1a un convenio de colaboraci\u00f3n para que M\u00e9xico pueda acceder a la supercomputadoras de Barcelona con el objeto de procesar datos importantes en \u00e1mbitos como predicciones meteorol\u00f3gicas, fiscales y otros temas. Durante la conferencia presidencial se dio la firma del convenio mediante el cual, a partir de enero, cient\u00edficos mexicanos podr\u00e1n procesar informaci\u00f3n nacional en ese centro de c\u00f3mputo en Espa\u00f1a.<\/p>\n\n\n\n<p>En este marco, la presidenta Claudia Sheinbaum dijo que la pr\u00f3xima semana se formalizar\u00e1 el anuncio para la creaci\u00f3n de una supercomputadora p\u00fablica en M\u00e9xico, que comenzar\u00e1 a desarrollarse en 2026. Ser\u00e1 muy importante para el pa\u00eds contar con esta supercomputadora, que se tiene previsto ser\u00e1 la m\u00e1s grande en Am\u00e9rica Latina.<\/p>\n\n\n\n<p>Record\u00f3 que como parte de los cien puntos que anunci\u00f3 en el Z\u00f3calo durante su toma de posesi\u00f3n, uno de ellos era hacer de M\u00e9xico una potencia cient\u00edfica. Para nuestro pa\u00eds es muy importante desarrollar la supercomputaci\u00f3n para el desarrollo y procesamiento de datos que permitan enfrentar diversos temas de una manera m\u00e1s acertada. Dijo que esta supercomputadora podr\u00eda estar conectada con las grandes computadoras que ya hay en la UNAM.<\/p>\n\n\n\n<p>Sheinbaum dijo que con este avance cient\u00edfico hay una construcci\u00f3n de soberan\u00eda. Destac\u00f3 que el acuerdo con este centro espa\u00f1ol es muy importante porque permitir\u00e1 desde enero ya procesar datos muy importantes para, por ejemplo, prever los efectos de los desastres naturales.<\/p>\n\n\n\n<p>\u201cQueremos mayor desarrollo cient\u00edfico y tecnol\u00f3gico del pa\u00eds, con la inteligencia artificial y desarrollo de ciencias, no podr\u00edamos pensar en mayor soberan\u00eda sin tener una supercomputadora, depender de los dem\u00e1s con mecanismos de colaboraci\u00f3n es importante pero contar con uno propio es fundamental.<\/p>\n\n\n\n<p>\u201cEl Estado tiene un papel muy importante para no depender de otros para desarrollo de capacidades mexicanas, tener un centro de c\u00f3mputo porque colocar\u00e1 a M\u00e9xico en mejores condiciones en la realidad actual\u201d, dijo la mandataria.<\/p>\n\n\n\n<p>El director de la Agencia Mexicana de la Transformaci\u00f3n Digital y Telecomunicaciones, Jos\u00e9 Antonio Pe\u00f1a Merino, dijo que el programa de supercomputo forma parte del Plan M\u00e9xico destinado a \u201cresolver problemas p\u00fablicos y privados, con capacidad de computaci\u00f3n elevada, en tiempos reducidos, la semana siguiente se anunciar\u00e1 la creaci\u00f3n de la supercomputadora mexicana. Es un proyecto desde la Agencia de Transformaci\u00f3n Digital y Secretar\u00eda de Ciencia.<\/p>\n\n\n\n<p>Fuente: La <a href=\"https:\/\/www.jornada.com.mx\/noticia\/2025\/11\/19\/ciencias\/anuncia-sheinbaum-creacion-de-una-supercomputadora-publica-en-mexico\">Jornada<\/a> <\/p>\n","protected":false},"excerpt":{"rendered":"<p>El gobierno mexicano firm\u00f3 con el Centro Nacional de Supercomputaci\u00f3n en Espa\u00f1a un convenio de colaboraci\u00f3n para que M\u00e9xico pueda acceder a la supercomputadoras de Barcelona con el objeto de procesar datos importantes en \u00e1mbitos como predicciones meteorol\u00f3gicas, fiscales y otros temas. Durante la conferencia presidencial se dio la firma del convenio mediante el cual, [&hellip;]<\/p>\n","protected":false},"author":35,"featured_media":201093,"comment_status":"open","ping_status":"open","sticky":false,"template":"","format":"standard","meta":{"_monsterinsights_skip_tracking":false,"_monsterinsights_sitenote_active":false,"_monsterinsights_sitenote_note":"","_monsterinsights_sitenote_category":0,"footnotes":""},"categories":[157],"tags":[2801],"class_list":["post-201091","post","type-post","status-publish","format-standard","has-post-thumbnail","hentry","category-nacional","tag-claudia-sheinbaum","wp-image-borders"],"amp_enabled":true,"_links":{"self":[{"href":"https:\/\/nvnoticias.mx\/index.php\/wp-json\/wp\/v2\/posts\/201091","targetHints":{"allow":["GET"]}}],"collection":[{"href":"https:\/\/nvnoticias.mx\/index.php\/wp-json\/wp\/v2\/posts"}],"about":[{"href":"https:\/\/nvnoticias.mx\/index.php\/wp-json\/wp\/v2\/types\/post"}],"author":[{"embeddable":true,"href":"https:\/\/nvnoticias.mx\/index.php\/wp-json\/wp\/v2\/users\/35"}],"replies":[{"embeddable":true,"href":"https:\/\/nvnoticias.mx\/index.php\/wp-json\/wp\/v2\/comments?post=201091"}],"version-history":[{"count":3,"href":"https:\/\/nvnoticias.mx\/index.php\/wp-json\/wp\/v2\/posts\/201091\/revisions"}],"predecessor-version":[{"id":201095,"href":"https:\/\/nvnoticias.mx\/index.php\/wp-json\/wp\/v2\/posts\/201091\/revisions\/201095"}],"wp:featuredmedia":[{"embeddable":true,"href":"https:\/\/nvnoticias.mx\/index.php\/wp-json\/wp\/v2\/media\/201093"}],"wp:attachment":[{"href":"https:\/\/nvnoticias.mx\/index.php\/wp-json\/wp\/v2\/media?parent=201091"}],"wp:term":[{"taxonomy":"category","embeddable":true,"href":"https:\/\/nvnoticias.mx\/index.php\/wp-json\/wp\/v2\/categories?post=201091"},{"taxonomy":"post_tag","embeddable":true,"href":"https:\/\/nvnoticias.mx\/index.php\/wp-json\/wp\/v2\/tags?post=201091"}],"curies":[{"name":"wp","href":"https:\/\/api.w.org\/{rel}","templated":true}]}}