{"id":201067,"date":"2025-11-19T09:13:46","date_gmt":"2025-11-19T15:13:46","guid":{"rendered":"https:\/\/nvnoticias.mx\/?p=201067"},"modified":"2025-11-19T09:13:51","modified_gmt":"2025-11-19T15:13:51","slug":"record-de-inversion-extranjera-sheinbaum","status":"publish","type":"post","link":"https:\/\/nvnoticias.mx\/index.php\/2025\/11\/19\/record-de-inversion-extranjera-sheinbaum\/","title":{"rendered":"R\u00e9cord de inversi\u00f3n extranjera: Sheinbaum"},"content":{"rendered":"\n<p>La inversi\u00f3n extranjera directa (IED) al tercer trimestre de 2025 sum\u00f3 casi 41 mil millones de d\u00f3lares, se\u00f1al\u00f3 Marcelo Ebrard Casaub\u00f3n, titular de la Secretar\u00eda de Econom\u00eda (SE).<\/p>\n\n\n\n<p>En su conferencia matutina del mi\u00e9rcoles, la presidenta Claudia Sheinbaum Pardo resalt\u00f3 que el flujo de capital for\u00e1neo rompi\u00f3 r\u00e9cord en el periodo de referencia.<\/p>\n\n\n\n<p>Ebrard Casaub\u00f3n coment\u00f3 que el monto reportado entre enero y septiembre representa un aumento de 15 por ciento frente a igual periodo del a\u00f1o pasado, con lo que se borraron todas las expectativas de que M\u00e9xico no tuviera un crecimiento de ese tama\u00f1o.<\/p>\n\n\n\n<p>\u201cEste ritmo de inversi\u00f3n extranjera directa significa que los inversionistas de todo el mundo est\u00e1n decidiendo invertir por M\u00e9xico en mayor proporci\u00f3n a la que hab\u00edamos incluso esperado, por eso es muy, muy buena noticia\u201d, dijo.<\/p>\n\n\n\n<p>Resalt\u00f3 que el segmento que creci\u00f3 m\u00e1s en la IED fueron las nuevas inversiones, pues pasaron de 2 mil millones a 6 mil 500 millones de d\u00f3lares.<\/p>\n\n\n\n<p>Fuente: La <a href=\"https:\/\/www.jornada.com.mx\/noticia\/2025\/11\/19\/economia\/ied-logra-nivel-record-al-tercer-trimestre-en-mexico-suma-41-mil-mdd\">Jornada<\/a><\/p>\n","protected":false},"excerpt":{"rendered":"<p>La inversi\u00f3n extranjera directa (IED) al tercer trimestre de 2025 sum\u00f3 casi 41 mil millones de d\u00f3lares, se\u00f1al\u00f3 Marcelo Ebrard Casaub\u00f3n, titular de la Secretar\u00eda de Econom\u00eda (SE). En su conferencia matutina del mi\u00e9rcoles, la presidenta Claudia Sheinbaum Pardo resalt\u00f3 que el flujo de capital for\u00e1neo rompi\u00f3 r\u00e9cord en el periodo de referencia. Ebrard Casaub\u00f3n [&hellip;]<\/p>\n","protected":false},"author":35,"featured_media":201069,"comment_status":"open","ping_status":"open","sticky":false,"template":"","format":"standard","meta":{"_monsterinsights_skip_tracking":false,"_monsterinsights_sitenote_active":false,"_monsterinsights_sitenote_note":"","_monsterinsights_sitenote_category":0,"footnotes":""},"categories":[157],"tags":[2801,162],"class_list":["post-201067","post","type-post","status-publish","format-standard","has-post-thumbnail","hentry","category-nacional","tag-claudia-sheinbaum","tag-portada","wp-image-borders"],"amp_enabled":true,"_links":{"self":[{"href":"https:\/\/nvnoticias.mx\/index.php\/wp-json\/wp\/v2\/posts\/201067","targetHints":{"allow":["GET"]}}],"collection":[{"href":"https:\/\/nvnoticias.mx\/index.php\/wp-json\/wp\/v2\/posts"}],"about":[{"href":"https:\/\/nvnoticias.mx\/index.php\/wp-json\/wp\/v2\/types\/post"}],"author":[{"embeddable":true,"href":"https:\/\/nvnoticias.mx\/index.php\/wp-json\/wp\/v2\/users\/35"}],"replies":[{"embeddable":true,"href":"https:\/\/nvnoticias.mx\/index.php\/wp-json\/wp\/v2\/comments?post=201067"}],"version-history":[{"count":6,"href":"https:\/\/nvnoticias.mx\/index.php\/wp-json\/wp\/v2\/posts\/201067\/revisions"}],"predecessor-version":[{"id":201074,"href":"https:\/\/nvnoticias.mx\/index.php\/wp-json\/wp\/v2\/posts\/201067\/revisions\/201074"}],"wp:featuredmedia":[{"embeddable":true,"href":"https:\/\/nvnoticias.mx\/index.php\/wp-json\/wp\/v2\/media\/201069"}],"wp:attachment":[{"href":"https:\/\/nvnoticias.mx\/index.php\/wp-json\/wp\/v2\/media?parent=201067"}],"wp:term":[{"taxonomy":"category","embeddable":true,"href":"https:\/\/nvnoticias.mx\/index.php\/wp-json\/wp\/v2\/categories?post=201067"},{"taxonomy":"post_tag","embeddable":true,"href":"https:\/\/nvnoticias.mx\/index.php\/wp-json\/wp\/v2\/tags?post=201067"}],"curies":[{"name":"wp","href":"https:\/\/api.w.org\/{rel}","templated":true}]}}