{"id":201044,"date":"2025-11-18T16:36:42","date_gmt":"2025-11-18T22:36:42","guid":{"rendered":"https:\/\/nvnoticias.mx\/?p=201044"},"modified":"2025-11-18T16:36:46","modified_gmt":"2025-11-18T22:36:46","slug":"crece-la-generacion-de-basura-en-xalapa","status":"publish","type":"post","link":"https:\/\/nvnoticias.mx\/index.php\/2025\/11\/18\/crece-la-generacion-de-basura-en-xalapa\/","title":{"rendered":"Crece la generaci\u00f3n de basura en Xalapa"},"content":{"rendered":"\n<p><\/p>\n\n\n\n<p><strong>Sam Ojeda \/ NV Noticias<\/strong><\/p>\n\n\n\n<p>Xalapa.- En dos d\u00e9cadas, la cantidad de residuos s\u00f3lidos que se producen en Xalapa aument\u00f3 de manera acelerada.<\/p>\n\n\n\n<p>El ayuntamiento pas\u00f3 de manejar 8 toneladas diarias en 2005 a un promedio actual de 65 toneladas, inform\u00f3 el presidente municipal, Alberto Islas Reyes.<\/p>\n\n\n\n<p>Esta tendencia, dijo, obliga a la administraci\u00f3n entrante a evaluar si construye un nuevo relleno sanitario o si recurre a procesos tecnol\u00f3gicos m\u00e1s avanzados para el tratamiento final de los desechos.<\/p>\n\n\n\n<p>Explic\u00f3 que el sitio de disposici\u00f3n actual \u2014operado desde hace m\u00e1s de 20 a\u00f1os\u2014 contin\u00faa en funcionamiento por la profundidad y amplitud de su celda activa, lo que ha permitido extender su vida \u00fatil.<\/p>\n\n\n\n<p>\u201cMe toc\u00f3 este dep\u00f3sito; es un relleno sanitario que se construy\u00f3 hace m\u00e1s de 20 a\u00f1os. Esta celda es muy profunda, muy, muy, muy grande. Por eso va a albergar una gran cantidad de residuos s\u00f3lidos\u201d.<\/p>\n\n\n\n<p>No obstante, el alcalde admiti\u00f3 que el espacio se acerca a su l\u00edmite operativo y que el futuro del servicio depender\u00e1 de las decisiones que tome la pr\u00f3xima administraci\u00f3n.<\/p>\n\n\n\n<p>\u201cYa le tocar\u00e1 a la administraci\u00f3n entrante localizar nuevos espacios para crear otro relleno sanitario o bien tener nuevas tecnolog\u00edas que permitan la destrucci\u00f3n final de los residuos\u201d.<\/p>\n\n\n\n<p>Islas Reyes destac\u00f3 que el incremento en la generaci\u00f3n de basura est\u00e1 relacionado con el tama\u00f1o de la ciudad, que hoy re\u00fane alrededor de 840 mil habitantes distribuidos entre 575 colonias y 300 fraccionamientos.<br><\/p>\n\n\n\n<p><\/p>\n","protected":false},"excerpt":{"rendered":"<p>Sam Ojeda \/ NV Noticias Xalapa.- En dos d\u00e9cadas, la cantidad de residuos s\u00f3lidos que se producen en Xalapa aument\u00f3 de manera acelerada. El ayuntamiento pas\u00f3 de manejar 8 toneladas diarias en 2005 a un promedio actual de 65 toneladas, inform\u00f3 el presidente municipal, Alberto Islas Reyes. Esta tendencia, dijo, obliga a la administraci\u00f3n entrante [&hellip;]<\/p>\n","protected":false},"author":8,"featured_media":87620,"comment_status":"open","ping_status":"open","sticky":false,"template":"","format":"standard","meta":{"_monsterinsights_skip_tracking":false,"_monsterinsights_sitenote_active":false,"_monsterinsights_sitenote_note":"","_monsterinsights_sitenote_category":0,"footnotes":""},"categories":[156],"tags":[1560,312],"class_list":["post-201044","post","type-post","status-publish","format-standard","has-post-thumbnail","hentry","category-estado","tag-basura","tag-xalapa","wp-image-borders"],"amp_enabled":true,"_links":{"self":[{"href":"https:\/\/nvnoticias.mx\/index.php\/wp-json\/wp\/v2\/posts\/201044","targetHints":{"allow":["GET"]}}],"collection":[{"href":"https:\/\/nvnoticias.mx\/index.php\/wp-json\/wp\/v2\/posts"}],"about":[{"href":"https:\/\/nvnoticias.mx\/index.php\/wp-json\/wp\/v2\/types\/post"}],"author":[{"embeddable":true,"href":"https:\/\/nvnoticias.mx\/index.php\/wp-json\/wp\/v2\/users\/8"}],"replies":[{"embeddable":true,"href":"https:\/\/nvnoticias.mx\/index.php\/wp-json\/wp\/v2\/comments?post=201044"}],"version-history":[{"count":1,"href":"https:\/\/nvnoticias.mx\/index.php\/wp-json\/wp\/v2\/posts\/201044\/revisions"}],"predecessor-version":[{"id":201045,"href":"https:\/\/nvnoticias.mx\/index.php\/wp-json\/wp\/v2\/posts\/201044\/revisions\/201045"}],"wp:featuredmedia":[{"embeddable":true,"href":"https:\/\/nvnoticias.mx\/index.php\/wp-json\/wp\/v2\/media\/87620"}],"wp:attachment":[{"href":"https:\/\/nvnoticias.mx\/index.php\/wp-json\/wp\/v2\/media?parent=201044"}],"wp:term":[{"taxonomy":"category","embeddable":true,"href":"https:\/\/nvnoticias.mx\/index.php\/wp-json\/wp\/v2\/categories?post=201044"},{"taxonomy":"post_tag","embeddable":true,"href":"https:\/\/nvnoticias.mx\/index.php\/wp-json\/wp\/v2\/tags?post=201044"}],"curies":[{"name":"wp","href":"https:\/\/api.w.org\/{rel}","templated":true}]}}