{"id":20104,"date":"2021-08-03T09:45:17","date_gmt":"2021-08-03T14:45:17","guid":{"rendered":"https:\/\/nvnoticias.mx\/?p=20104"},"modified":"2021-08-03T09:45:18","modified_gmt":"2021-08-03T14:45:18","slug":"mexico-proceso-reconversion-hospitalaria-por-tercera-ola-gatell","status":"publish","type":"post","link":"https:\/\/nvnoticias.mx\/index.php\/2021\/08\/03\/mexico-proceso-reconversion-hospitalaria-por-tercera-ola-gatell\/","title":{"rendered":"&#8220;M\u00e9xico est\u00e1 en proceso de reconversi\u00f3n hospitalaria por tercera ola&#8221;: Gatell"},"content":{"rendered":"\n<p>Hugo L\u00f3pez-Gatell, subsecretario de Prevenci\u00f3n y Promoci\u00f3n de la Salud,&nbsp;inform\u00f3 que el pa\u00eds est\u00e1 en proceso de reconversi\u00f3n hospitalaria ante la&nbsp;tercera ola de covid-19.&nbsp;&nbsp;<\/p>\n\n\n\n<p>El funcionario indic\u00f3 que se han&nbsp;vacunado a 48 millones de personas, destacando que las dosis tienen &#8220;un efecto protector muy importante en reducir aquellas situaciones que hacen que las personas necesitan hospitalizarse&#8221;.&nbsp;&nbsp;<\/p>\n\n\n\n<blockquote class=\"wp-block-quote is-layout-flow wp-block-quote-is-layout-flow\"><p>&#8220;Estamos en proceso de reconversi\u00f3n hospitalaria en esta tercera ola y en algunos casos en algunas entidades que hab\u00edan hecho por comerciales y habitualmente cuando fuimos en descenso de la pandemia est\u00e1n en un proceso de reconversi\u00f3n&#8221;, coment\u00f3 en\u00a0La Ma\u00f1anera del presidente Andr\u00e9s Manuel L\u00f3pez Obrador.\u00a0\u00a0<\/p><\/blockquote>\n\n\n\n<p>De acuerdo con L\u00f3pez-Gatell, 97 por ciento de las personas que est\u00e1n hospitalizadas no se vacuna, por lo que hizo un llamado a la poblaci\u00f3n a acudir a aplicaci\u00f3n del biol\u00f3gico.&nbsp;&nbsp;<\/p>\n\n\n\n<blockquote class=\"wp-block-quote is-layout-flow wp-block-quote-is-layout-flow\"><p>&#8220;Es muy importante vacunarse y sabemos que hay una proporci\u00f3n de la poblaci\u00f3n que est\u00e1 pendiente de ser vacunado y vamos avanzando y ya tenemos 50 por ciento y 10 por ciento de la poblaci\u00f3n, pero es muy importante porque las personas de 30 a 39 a\u00f1os y de 18 a 29 a\u00f1os ya se est\u00e1n vacunando&#8221;.\u00a0\u00a0<\/p><\/blockquote>\n\n\n\n<p>Fuente: <a href=\"https:\/\/www.milenio.com\/politica\/tercer-ola-covid-mexico-proceso-reconversion-hospitalaria\">Milenio<\/a><\/p>\n","protected":false},"excerpt":{"rendered":"<p>Hugo L\u00f3pez-Gatell, subsecretario de Prevenci\u00f3n y Promoci\u00f3n de la Salud,&nbsp;inform\u00f3 que el pa\u00eds est\u00e1 en proceso de reconversi\u00f3n hospitalaria ante la&nbsp;tercera ola de covid-19.&nbsp;&nbsp; El funcionario indic\u00f3 que se han&nbsp;vacunado a 48 millones de personas, destacando que las dosis tienen &#8220;un efecto protector muy importante en reducir aquellas situaciones que hacen que las personas necesitan [&hellip;]<\/p>\n","protected":false},"author":6,"featured_media":646,"comment_status":"open","ping_status":"open","sticky":false,"template":"","format":"standard","meta":{"_monsterinsights_skip_tracking":false,"_monsterinsights_sitenote_active":false,"_monsterinsights_sitenote_note":"","_monsterinsights_sitenote_category":0,"footnotes":""},"categories":[157],"tags":[175,1010,162,5348,2436],"class_list":["post-20104","post","type-post","status-publish","format-standard","has-post-thumbnail","hentry","category-nacional","tag-covid-19","tag-hugo-lopez-gatell","tag-portada","tag-reconversion-hospitalaria","tag-tercera-ola","wp-image-borders"],"amp_enabled":true,"_links":{"self":[{"href":"https:\/\/nvnoticias.mx\/index.php\/wp-json\/wp\/v2\/posts\/20104","targetHints":{"allow":["GET"]}}],"collection":[{"href":"https:\/\/nvnoticias.mx\/index.php\/wp-json\/wp\/v2\/posts"}],"about":[{"href":"https:\/\/nvnoticias.mx\/index.php\/wp-json\/wp\/v2\/types\/post"}],"author":[{"embeddable":true,"href":"https:\/\/nvnoticias.mx\/index.php\/wp-json\/wp\/v2\/users\/6"}],"replies":[{"embeddable":true,"href":"https:\/\/nvnoticias.mx\/index.php\/wp-json\/wp\/v2\/comments?post=20104"}],"version-history":[{"count":2,"href":"https:\/\/nvnoticias.mx\/index.php\/wp-json\/wp\/v2\/posts\/20104\/revisions"}],"predecessor-version":[{"id":20106,"href":"https:\/\/nvnoticias.mx\/index.php\/wp-json\/wp\/v2\/posts\/20104\/revisions\/20106"}],"wp:featuredmedia":[{"embeddable":true,"href":"https:\/\/nvnoticias.mx\/index.php\/wp-json\/wp\/v2\/media\/646"}],"wp:attachment":[{"href":"https:\/\/nvnoticias.mx\/index.php\/wp-json\/wp\/v2\/media?parent=20104"}],"wp:term":[{"taxonomy":"category","embeddable":true,"href":"https:\/\/nvnoticias.mx\/index.php\/wp-json\/wp\/v2\/categories?post=20104"},{"taxonomy":"post_tag","embeddable":true,"href":"https:\/\/nvnoticias.mx\/index.php\/wp-json\/wp\/v2\/tags?post=20104"}],"curies":[{"name":"wp","href":"https:\/\/api.w.org\/{rel}","templated":true}]}}