{"id":201038,"date":"2025-11-18T16:24:50","date_gmt":"2025-11-18T22:24:50","guid":{"rendered":"https:\/\/nvnoticias.mx\/?p=201038"},"modified":"2025-11-18T16:24:54","modified_gmt":"2025-11-18T22:24:54","slug":"congreso-limita-invitados-en-comparecencias-para-evitar-porras-y-garantizar-orden-confirma-jucopo","status":"publish","type":"post","link":"https:\/\/nvnoticias.mx\/index.php\/2025\/11\/18\/congreso-limita-invitados-en-comparecencias-para-evitar-porras-y-garantizar-orden-confirma-jucopo\/","title":{"rendered":"Congreso limita invitados en comparecencias para evitar \u201cporras\u201d y garantizar orden, confirma Jucopo"},"content":{"rendered":"\n<p><\/p>\n\n\n\n<p><strong>Sam Ojeda \/ NV Noticias<\/strong><\/p>\n\n\n\n<p>Xalapa.- El Congreso de Veracruz pidi\u00f3 a los titulares de las dependencias estatales acudir a sus comparecencias con un grupo reducido de acompa\u00f1antes, con el fin de prevenir manifestaciones o expresiones que interrumpan el desarrollo de los informes, inform\u00f3 el presidente de la Junta de Coordinaci\u00f3n Pol\u00edtica (Jucopo), Esteban Bautista Hern\u00e1ndez.<\/p>\n\n\n\n<p>El legislador se\u00f1al\u00f3 que antes del inicio de las comparecencias hubo un proceso de revisi\u00f3n de los reportes entregados por cada secretar\u00eda para asegurarse de que la informaci\u00f3n fuera confiable y estuviera completa.<br>\u201cSe revis\u00f3 que los datos fueran los correctos o que s\u00ed tuvieran la informaci\u00f3n completa. Es correcto, claro que s\u00ed\u201d, afirm\u00f3.<\/p>\n\n\n\n<p>Record\u00f3 que desde hace dos semanas se notific\u00f3 a cada dependencia que deb\u00eda limitar el n\u00famero de asistentes.<\/p>\n\n\n\n<p><br>Explic\u00f3 que se acord\u00f3 un tope para cada funcionario.<\/p>\n\n\n\n<p>\u201cCada secretario trajera un m\u00e1ximo de 20 invitados, porque algunos medios preguntaban que si iba a haber porras o bambalinas. Se les exhort\u00f3 a todos los asesores de las diferentes secretar\u00edas a que se abstuvieran de eso\u201d, dijo.<\/p>\n\n\n\n<p>Bautista Hern\u00e1ndez a\u00f1adi\u00f3 que el llamado tambi\u00e9n incluy\u00f3 mantener la disciplina durante las sesiones, aunque destac\u00f3 que la actuaci\u00f3n de los asistentes depender\u00e1 de cada instituci\u00f3n.<\/p>\n\n\n\n<p><br>\u201cSon libres los compa\u00f1eros; ya se van a dar cuenta\u201d, coment\u00f3.<\/p>\n\n\n\n<p>Al referirse a la participaci\u00f3n del secretario de Gobierno, Ricardo Ahued Bardahuil, reconoci\u00f3 el acompa\u00f1amiento que esa dependencia ha brindado a autoridades locales y representantes sociales.<\/p>\n\n\n\n<p><br>\u201cDebo reconocer que la Secretar\u00eda de Gobierno siempre ha estado muy atenta a los planteamientos que han tra\u00eddo alcaldes, diputados y l\u00edderes sociales\u201d, expres\u00f3.<\/p>\n","protected":false},"excerpt":{"rendered":"<p>Sam Ojeda \/ NV Noticias Xalapa.- El Congreso de Veracruz pidi\u00f3 a los titulares de las dependencias estatales acudir a sus comparecencias con un grupo reducido de acompa\u00f1antes, con el fin de prevenir manifestaciones o expresiones que interrumpan el desarrollo de los informes, inform\u00f3 el presidente de la Junta de Coordinaci\u00f3n Pol\u00edtica (Jucopo), Esteban Bautista [&hellip;]<\/p>\n","protected":false},"author":8,"featured_media":191937,"comment_status":"open","ping_status":"open","sticky":false,"template":"","format":"standard","meta":{"_monsterinsights_skip_tracking":false,"_monsterinsights_sitenote_active":false,"_monsterinsights_sitenote_note":"","_monsterinsights_sitenote_category":0,"footnotes":""},"categories":[156],"tags":[3949,568],"class_list":["post-201038","post","type-post","status-publish","format-standard","has-post-thumbnail","hentry","category-estado","tag-comparecencia","tag-congreso-de-veracruz","wp-image-borders"],"amp_enabled":true,"_links":{"self":[{"href":"https:\/\/nvnoticias.mx\/index.php\/wp-json\/wp\/v2\/posts\/201038","targetHints":{"allow":["GET"]}}],"collection":[{"href":"https:\/\/nvnoticias.mx\/index.php\/wp-json\/wp\/v2\/posts"}],"about":[{"href":"https:\/\/nvnoticias.mx\/index.php\/wp-json\/wp\/v2\/types\/post"}],"author":[{"embeddable":true,"href":"https:\/\/nvnoticias.mx\/index.php\/wp-json\/wp\/v2\/users\/8"}],"replies":[{"embeddable":true,"href":"https:\/\/nvnoticias.mx\/index.php\/wp-json\/wp\/v2\/comments?post=201038"}],"version-history":[{"count":1,"href":"https:\/\/nvnoticias.mx\/index.php\/wp-json\/wp\/v2\/posts\/201038\/revisions"}],"predecessor-version":[{"id":201039,"href":"https:\/\/nvnoticias.mx\/index.php\/wp-json\/wp\/v2\/posts\/201038\/revisions\/201039"}],"wp:featuredmedia":[{"embeddable":true,"href":"https:\/\/nvnoticias.mx\/index.php\/wp-json\/wp\/v2\/media\/191937"}],"wp:attachment":[{"href":"https:\/\/nvnoticias.mx\/index.php\/wp-json\/wp\/v2\/media?parent=201038"}],"wp:term":[{"taxonomy":"category","embeddable":true,"href":"https:\/\/nvnoticias.mx\/index.php\/wp-json\/wp\/v2\/categories?post=201038"},{"taxonomy":"post_tag","embeddable":true,"href":"https:\/\/nvnoticias.mx\/index.php\/wp-json\/wp\/v2\/tags?post=201038"}],"curies":[{"name":"wp","href":"https:\/\/api.w.org\/{rel}","templated":true}]}}