{"id":201035,"date":"2025-11-20T10:34:05","date_gmt":"2025-11-20T16:34:05","guid":{"rendered":"https:\/\/nvnoticias.mx\/?p=201035"},"modified":"2025-11-20T10:34:09","modified_gmt":"2025-11-20T16:34:09","slug":"sheinbaum-encabeza-desfile-por-el-115-aniversario-de-la-revolucion","status":"publish","type":"post","link":"https:\/\/nvnoticias.mx\/index.php\/2025\/11\/20\/sheinbaum-encabeza-desfile-por-el-115-aniversario-de-la-revolucion\/","title":{"rendered":"Sheinbaum encabeza desfile por el 115 aniversario de la Revoluci\u00f3n"},"content":{"rendered":"\n<p>La presidenta Claudia Sheinbaum Pardo encabeza el desfile por el 115 aniversario del inicio de la Revoluci\u00f3n.<\/p>\n\n\n\n<p>Desde el Z\u00f3calo de la Ciudad de M\u00e9xico, la mandataria pasa revista a miles de integrantes de las fuerzas armadas para conmemorar el inicio de aquella gesta, con la cual se rompieron 34 a\u00f1os de dictadura de Porfirio D\u00edaz.<\/p>\n\n\n\n<p>Muy temprano, las calles aleda\u00f1as al primer cuadro de la ciudad se vieron llenas de miles de polic\u00edas que resguardaban el entorno. El operativo fue mayor al de a\u00f1os anteriores, esto debido que en redes sociales circularon convocatorias para una nueva marcha autodenominada \u201cde la Generaci\u00f3n Z\u201d.<\/p>\n\n\n\n<p>Debido a ello, tambi\u00e9n por primera ocasi\u00f3n en a\u00f1os el desfile acort\u00f3 su ruta y en lugar de concluir en Campo Marte, terminar\u00e1 en el Monumento a la Revoluci\u00f3n.<\/p>\n\n\n\n<p>Fuente: La <a href=\"https:\/\/www.jornada.com.mx\/noticia\/2025\/11\/20\/politica\/sheinbaum-encabeza-desfile-por-el-115-aniversario-de-la-revolucion-en-medio-de-fuerte-operativo-de-resguardo\">Jornada<\/a> <\/p>\n","protected":false},"excerpt":{"rendered":"<p>La presidenta Claudia Sheinbaum Pardo encabeza el desfile por el 115 aniversario del inicio de la Revoluci\u00f3n. Desde el Z\u00f3calo de la Ciudad de M\u00e9xico, la mandataria pasa revista a miles de integrantes de las fuerzas armadas para conmemorar el inicio de aquella gesta, con la cual se rompieron 34 a\u00f1os de dictadura de Porfirio [&hellip;]<\/p>\n","protected":false},"author":35,"featured_media":201164,"comment_status":"open","ping_status":"open","sticky":false,"template":"","format":"standard","meta":{"_monsterinsights_skip_tracking":false,"_monsterinsights_sitenote_active":false,"_monsterinsights_sitenote_note":"","_monsterinsights_sitenote_category":0,"footnotes":""},"categories":[158],"tags":[2801,32653,162],"class_list":["post-201035","post","type-post","status-publish","format-standard","has-post-thumbnail","hentry","category-politica","tag-claudia-sheinbaum","tag-desfile-de-la-revolucion-mexicana","tag-portada","wp-image-borders"],"amp_enabled":true,"_links":{"self":[{"href":"https:\/\/nvnoticias.mx\/index.php\/wp-json\/wp\/v2\/posts\/201035","targetHints":{"allow":["GET"]}}],"collection":[{"href":"https:\/\/nvnoticias.mx\/index.php\/wp-json\/wp\/v2\/posts"}],"about":[{"href":"https:\/\/nvnoticias.mx\/index.php\/wp-json\/wp\/v2\/types\/post"}],"author":[{"embeddable":true,"href":"https:\/\/nvnoticias.mx\/index.php\/wp-json\/wp\/v2\/users\/35"}],"replies":[{"embeddable":true,"href":"https:\/\/nvnoticias.mx\/index.php\/wp-json\/wp\/v2\/comments?post=201035"}],"version-history":[{"count":2,"href":"https:\/\/nvnoticias.mx\/index.php\/wp-json\/wp\/v2\/posts\/201035\/revisions"}],"predecessor-version":[{"id":201165,"href":"https:\/\/nvnoticias.mx\/index.php\/wp-json\/wp\/v2\/posts\/201035\/revisions\/201165"}],"wp:featuredmedia":[{"embeddable":true,"href":"https:\/\/nvnoticias.mx\/index.php\/wp-json\/wp\/v2\/media\/201164"}],"wp:attachment":[{"href":"https:\/\/nvnoticias.mx\/index.php\/wp-json\/wp\/v2\/media?parent=201035"}],"wp:term":[{"taxonomy":"category","embeddable":true,"href":"https:\/\/nvnoticias.mx\/index.php\/wp-json\/wp\/v2\/categories?post=201035"},{"taxonomy":"post_tag","embeddable":true,"href":"https:\/\/nvnoticias.mx\/index.php\/wp-json\/wp\/v2\/tags?post=201035"}],"curies":[{"name":"wp","href":"https:\/\/api.w.org\/{rel}","templated":true}]}}