{"id":200946,"date":"2025-11-18T10:49:23","date_gmt":"2025-11-18T16:49:23","guid":{"rendered":"https:\/\/nvnoticias.mx\/?p=200946"},"modified":"2025-11-18T10:49:28","modified_gmt":"2025-11-18T16:49:28","slug":"se-manifiestan-ante-cfe-por-cobros-indebidos","status":"publish","type":"post","link":"https:\/\/nvnoticias.mx\/index.php\/2025\/11\/18\/se-manifiestan-ante-cfe-por-cobros-indebidos\/","title":{"rendered":"Se manifiestan ante CFE por cobros indebidos"},"content":{"rendered":"\n<p><br><strong>Jes\u00fas Utrilla \/ NV Noticias <\/strong><\/p>\n\n\n\n<p><br>Habitantes de la colonia Ana Carreto acudieron este martes a las oficinas de la Comisi\u00f3n Federal de Electricidad (CFE) ubicadas en la avenida 20 de Noviembre, donde realizaron una manifestaci\u00f3n para denunciar cobros excesivos, recibos sin validez oficial y la falta de regularizaci\u00f3n en el suministro el\u00e9ctrico que reciben a trav\u00e9s de medidores colectivos.<\/p>\n\n\n\n<p><br>De acuerdo con Guillermo G\u00f3mez Arceta, uno de los vecinos inconformes, los incrementos comenzaron a notarse desde septiembre, cuando el recibo mensual ascendi\u00f3 a 14 mil 121 pesos. En octubre el monto subi\u00f3 a 17 mil 626, y para noviembre el cobro ya super\u00f3 los 33 mil 353 pesos, sin que el periodo de consumo llegara siquiera a 30 d\u00edas.<\/p>\n\n\n\n<p><br>El habitante se\u00f1al\u00f3 que, adem\u00e1s del aumento en los montos, los recibos presentan irregularidades preocupantes.<\/p>\n\n\n\n<p><br>\u201cEs un papel aventado nada m\u00e1s. No trae firma, no trae sello, no trae ning\u00fan logo de CFE. As\u00ed no se puede. Nadie se niega a pagar, pero queremos que nos regularicen la colonia y que esto se haga de manera correcta\u201d.<\/p>\n\n\n\n<p><br>La situaci\u00f3n deriva de la operaci\u00f3n de siete medidores colectivos que abastecen diferentes sectores de Ana Carreto. En uno de los puntos, ubicado en la colonia El Vergel, cerca de 60 casas dependen de un solo medidor, lo que ha provocado consumos desproporcionados y montos que los vecinos consideran imposibles de pagar.<\/p>\n\n\n\n<p><br>Mari, otra de las habitantes afectadas, se\u00f1al\u00f3 que ella misma ha sufrido incrementos injustificados.<\/p>\n\n\n\n<p><br>\u201cA m\u00ed este mes me sali\u00f3 casi de mil 800 pesos. El primer mes fue de 800. Y estos recibos ni siquiera vienen de CFE, se pagan entre la misma gente de la colonia\u201d, explic\u00f3.<\/p>\n\n\n\n<p><br>Coment\u00f3 tambi\u00e9n que 11 vecinos aportan en conjunto 18 mil pesos, aun cuando la zona no est\u00e1 regularizada y carece de infraestructura formal.<\/p>\n\n\n\n<p><br>Los vecinos aseguraron que en la colonia viven m\u00e1s de dos mil familias, todas dependiendo de un sistema improvisado mientras la CFE instala nuevos postes y transformadores. Sin embargo, recalcaron que, pese a los trabajos, las anomal\u00edas contin\u00faan y los documentos que reciben no tienen validez oficial.<\/p>\n","protected":false},"excerpt":{"rendered":"<p>Jes\u00fas Utrilla \/ NV Noticias Habitantes de la colonia Ana Carreto acudieron este martes a las oficinas de la Comisi\u00f3n Federal de Electricidad (CFE) ubicadas en la avenida 20 de Noviembre, donde realizaron una manifestaci\u00f3n para denunciar cobros excesivos, recibos sin validez oficial y la falta de regularizaci\u00f3n en el suministro el\u00e9ctrico que reciben a [&hellip;]<\/p>\n","protected":false},"author":6,"featured_media":200947,"comment_status":"open","ping_status":"open","sticky":false,"template":"","format":"standard","meta":{"_monsterinsights_skip_tracking":false,"_monsterinsights_sitenote_active":false,"_monsterinsights_sitenote_note":"","_monsterinsights_sitenote_category":0,"footnotes":""},"categories":[154],"tags":[30949,821,503,162],"class_list":["post-200946","post","type-post","status-publish","format-standard","has-post-thumbnail","hentry","category-veracruz","tag-ana-carreto","tag-cfe","tag-manifestacion","tag-portada","wp-image-borders"],"amp_enabled":true,"_links":{"self":[{"href":"https:\/\/nvnoticias.mx\/index.php\/wp-json\/wp\/v2\/posts\/200946","targetHints":{"allow":["GET"]}}],"collection":[{"href":"https:\/\/nvnoticias.mx\/index.php\/wp-json\/wp\/v2\/posts"}],"about":[{"href":"https:\/\/nvnoticias.mx\/index.php\/wp-json\/wp\/v2\/types\/post"}],"author":[{"embeddable":true,"href":"https:\/\/nvnoticias.mx\/index.php\/wp-json\/wp\/v2\/users\/6"}],"replies":[{"embeddable":true,"href":"https:\/\/nvnoticias.mx\/index.php\/wp-json\/wp\/v2\/comments?post=200946"}],"version-history":[{"count":1,"href":"https:\/\/nvnoticias.mx\/index.php\/wp-json\/wp\/v2\/posts\/200946\/revisions"}],"predecessor-version":[{"id":200948,"href":"https:\/\/nvnoticias.mx\/index.php\/wp-json\/wp\/v2\/posts\/200946\/revisions\/200948"}],"wp:featuredmedia":[{"embeddable":true,"href":"https:\/\/nvnoticias.mx\/index.php\/wp-json\/wp\/v2\/media\/200947"}],"wp:attachment":[{"href":"https:\/\/nvnoticias.mx\/index.php\/wp-json\/wp\/v2\/media?parent=200946"}],"wp:term":[{"taxonomy":"category","embeddable":true,"href":"https:\/\/nvnoticias.mx\/index.php\/wp-json\/wp\/v2\/categories?post=200946"},{"taxonomy":"post_tag","embeddable":true,"href":"https:\/\/nvnoticias.mx\/index.php\/wp-json\/wp\/v2\/tags?post=200946"}],"curies":[{"name":"wp","href":"https:\/\/api.w.org\/{rel}","templated":true}]}}