{"id":200940,"date":"2025-11-18T10:40:16","date_gmt":"2025-11-18T16:40:16","guid":{"rendered":"https:\/\/nvnoticias.mx\/?p=200940"},"modified":"2025-11-18T10:40:21","modified_gmt":"2025-11-18T16:40:21","slug":"gobierno-llevara-el-mundial-social-2026-a-todo-el-territorio-nacional","status":"publish","type":"post","link":"https:\/\/nvnoticias.mx\/index.php\/2025\/11\/18\/gobierno-llevara-el-mundial-social-2026-a-todo-el-territorio-nacional\/","title":{"rendered":"Gobierno llevar\u00e1 el Mundial Social 2026 a todo el territorio nacional"},"content":{"rendered":"\n<p>En el marco de la Copa Mundial de Futbol 2026 \u2014de la que M\u00e9xico es una de las sedes\u2014, el gobierno federal present\u00f3 el Mundial Social, que incluye una serie de actividades deportivas, culturales, gastron\u00f3micas y sociales dirigidas a los mexicanos y los visitantes internacionales.<\/p>\n\n\n\n<p>En la ma\u00f1anera de este martes, la presidenta Claudia Sheinbaum Pardo destac\u00f3 que las actividades comenzar\u00e1n desde este a\u00f1o, pero principalmente se desarrollar\u00e1n a partir de enero de 2026 y se extender\u00e1n hasta mas all\u00e1 del cierre del Mundial de la FIFA que se celebrar\u00e1 del 11 de junio al 19 de julio.<\/p>\n\n\n\n<p>El objetivo de estas acciones, dijo la coordinadora de los trabajos del gobierno federal para el Mundial 2026, Gabriela Cuevas, \u201ces llevar el futbol a todo territorio nacional\u201d.<\/p>\n\n\n\n<p>De inicio, se llevar\u00e1n los partidos a las plazas p\u00fablicas del pa\u00eds para que la gente pueda disfrutar gratis de las transmisiones y se pretende que este deporte llegue a todos los patios escolares.<\/p>\n\n\n\n<p>Se realizar\u00e1n 177 fiestas M\u00e9xico 2026 y a trav\u00e9s de la aplicaci\u00f3n Conoce M\u00e9xico, se podr\u00e1 conocer hasta 5 mil actividades que se desarrollar\u00e1n en todo territorio nacional.<\/p>\n\n\n\n<p>Se planean mundiales escolares y para otros sectores, como los trabajadores, donde sendas finales se jugar\u00e1n en el Estadio Ol\u00edmpico de Ciudad Universitaria de la Universidad Nacional Aut\u00f3noma de M\u00e9xico y se realizar\u00e1 un Mundial de Rob\u00f3tica.<\/p>\n\n\n\n<p>Fuente: La <a href=\"https:\/\/www.jornada.com.mx\/noticia\/2025\/11\/18\/deportes\/gobierno-llevara-el-mundial-2026-a-todo-el-territorio-nacional\">Jornada<\/a> <\/p>\n","protected":false},"excerpt":{"rendered":"<p>En el marco de la Copa Mundial de Futbol 2026 \u2014de la que M\u00e9xico es una de las sedes\u2014, el gobierno federal present\u00f3 el Mundial Social, que incluye una serie de actividades deportivas, culturales, gastron\u00f3micas y sociales dirigidas a los mexicanos y los visitantes internacionales. En la ma\u00f1anera de este martes, la presidenta Claudia Sheinbaum [&hellip;]<\/p>\n","protected":false},"author":35,"featured_media":200941,"comment_status":"open","ping_status":"open","sticky":false,"template":"","format":"standard","meta":{"_monsterinsights_skip_tracking":false,"_monsterinsights_sitenote_active":false,"_monsterinsights_sitenote_note":"","_monsterinsights_sitenote_category":0,"footnotes":""},"categories":[159],"tags":[299,4114],"class_list":["post-200940","post","type-post","status-publish","format-standard","has-post-thumbnail","hentry","category-deportes","tag-gobierno","tag-mundial-2026","wp-image-borders"],"amp_enabled":true,"_links":{"self":[{"href":"https:\/\/nvnoticias.mx\/index.php\/wp-json\/wp\/v2\/posts\/200940","targetHints":{"allow":["GET"]}}],"collection":[{"href":"https:\/\/nvnoticias.mx\/index.php\/wp-json\/wp\/v2\/posts"}],"about":[{"href":"https:\/\/nvnoticias.mx\/index.php\/wp-json\/wp\/v2\/types\/post"}],"author":[{"embeddable":true,"href":"https:\/\/nvnoticias.mx\/index.php\/wp-json\/wp\/v2\/users\/35"}],"replies":[{"embeddable":true,"href":"https:\/\/nvnoticias.mx\/index.php\/wp-json\/wp\/v2\/comments?post=200940"}],"version-history":[{"count":4,"href":"https:\/\/nvnoticias.mx\/index.php\/wp-json\/wp\/v2\/posts\/200940\/revisions"}],"predecessor-version":[{"id":200945,"href":"https:\/\/nvnoticias.mx\/index.php\/wp-json\/wp\/v2\/posts\/200940\/revisions\/200945"}],"wp:featuredmedia":[{"embeddable":true,"href":"https:\/\/nvnoticias.mx\/index.php\/wp-json\/wp\/v2\/media\/200941"}],"wp:attachment":[{"href":"https:\/\/nvnoticias.mx\/index.php\/wp-json\/wp\/v2\/media?parent=200940"}],"wp:term":[{"taxonomy":"category","embeddable":true,"href":"https:\/\/nvnoticias.mx\/index.php\/wp-json\/wp\/v2\/categories?post=200940"},{"taxonomy":"post_tag","embeddable":true,"href":"https:\/\/nvnoticias.mx\/index.php\/wp-json\/wp\/v2\/tags?post=200940"}],"curies":[{"name":"wp","href":"https:\/\/api.w.org\/{rel}","templated":true}]}}