{"id":200929,"date":"2025-11-18T09:47:42","date_gmt":"2025-11-18T15:47:42","guid":{"rendered":"https:\/\/nvnoticias.mx\/?p=200929"},"modified":"2025-11-18T09:47:47","modified_gmt":"2025-11-18T15:47:47","slug":"desfile-por-el-20-de-noviembre-se-realizara-sheinbaum","status":"publish","type":"post","link":"https:\/\/nvnoticias.mx\/index.php\/2025\/11\/18\/desfile-por-el-20-de-noviembre-se-realizara-sheinbaum\/","title":{"rendered":"Desfile por el 20 de noviembre se realizar\u00e1: Sheinbaum"},"content":{"rendered":"\n<p>Luego de presentar encuestas que muestran que mantiene un alto nivel de popularidad entre la poblaci\u00f3n, la presidenta Claudia Sheinbaum Pardo sostuvo que el movimiento al que pertenece es muy grande y no va a desaparecer con las campa\u00f1as en redes sociales que han surgido tras las manifestaciones del s\u00e1bado pasado.<\/p>\n\n\n\n<p>Sobre la convocatoria que se difundi\u00f3 igualmente en redes sociales para repetir la marcha el pr\u00f3ximo 20 de noviembre, presuntamente organizada por la generaci\u00f3n Z, la jefa del Ejecutivo federal recalc\u00f3 que ese d\u00eda se realizar\u00e1 el tradicional desfile relativo al inicio del movimiento de la Revoluci\u00f3n mexicana, &#8220;como siempre se hace, se va a llevar a cabo y hay que tener respeto por lo que representa el Ej\u00e9rcito mexicano\u201d.<\/p>\n\n\n\n<p>Al recordar que se conmemora el llamado de Francisco I. Madero a levantarse en contra del gobierno de Porfirio D\u00edaz, expuso que \u201cpor eso siempre hemos luchado pac\u00edficamente, porque las guerras dejan mucho dolor\u2026 Cualquier manifestaci\u00f3n que se haga en nuestro pa\u00eds, (que se haga) pac\u00edfica, nadie quiere la violencia\u201d.<\/p>\n\n\n\n<p>Durante su conferencia de prensa matutina de este martes, indic\u00f3 que \u201ces muy listo el pueblo de M\u00e9xico, muy inteligente, la gente es sabia y por m\u00e1s campa\u00f1as que haya, sabe lo que est\u00e1 ocurriendo en nuestro pa\u00eds, que es una transformaci\u00f3n en beneficio del pueblo\u201d. A la vez, hay muchos empresarios, clase media y gente humilde que apoya la transformaci\u00f3n, e incluso ni\u00f1as y ni\u00f1os, por lo que \u201ces una fuerza muy grande este movimiento que no va a desaparecer por una campa\u00f1a en redes sociales\u201d.<\/p>\n\n\n\n<p>Consultada sobre las versiones que surgieron sobre que los manifestantes del s\u00e1bado que incurrieron en violencia podr\u00edan ser parte de Morena, la Presidenta, tajante, lo rechaz\u00f3 y afirm\u00f3 que \u201cesos grupos no pertenecen a nuestro movimiento\u201d, por lo que lanz\u00f3 preguntas a la Fiscal\u00eda de la Ciudad de M\u00e9xico desde el lunes, cuando cuestion\u00f3 si esos grupos son pagados.<\/p>\n\n\n\n<p>\u201cRepito, nosotros luchamos de manera pac\u00edfica, de manera pac\u00edfica. Ayer dec\u00edan \u2018c\u00f3mo ella que se manifest\u00f3 de joven\u2019, pues nos manifestamos de manera pac\u00edfica. Entonces estos grupos que tiraron la valla no tienen que ver con nuestro movimiento\u201d, a\u00f1adi\u00f3.<\/p>\n\n\n\n<p>Fuente: La <a href=\"https:\/\/www.jornada.com.mx\/noticia\/2025\/11\/18\/politica\/desfile-por-el-20-de-noviembre-se-realizara-sheinbaum-tras-convocatoria-de-marcha\">Jornada<\/a> <\/p>\n","protected":false},"excerpt":{"rendered":"<p>Luego de presentar encuestas que muestran que mantiene un alto nivel de popularidad entre la poblaci\u00f3n, la presidenta Claudia Sheinbaum Pardo sostuvo que el movimiento al que pertenece es muy grande y no va a desaparecer con las campa\u00f1as en redes sociales que han surgido tras las manifestaciones del s\u00e1bado pasado. Sobre la convocatoria que [&hellip;]<\/p>\n","protected":false},"author":35,"featured_media":200930,"comment_status":"open","ping_status":"open","sticky":false,"template":"","format":"standard","meta":{"_monsterinsights_skip_tracking":false,"_monsterinsights_sitenote_active":false,"_monsterinsights_sitenote_note":"","_monsterinsights_sitenote_category":0,"footnotes":""},"categories":[158],"tags":[2801,162],"class_list":["post-200929","post","type-post","status-publish","format-standard","has-post-thumbnail","hentry","category-politica","tag-claudia-sheinbaum","tag-portada","wp-image-borders"],"amp_enabled":true,"_links":{"self":[{"href":"https:\/\/nvnoticias.mx\/index.php\/wp-json\/wp\/v2\/posts\/200929","targetHints":{"allow":["GET"]}}],"collection":[{"href":"https:\/\/nvnoticias.mx\/index.php\/wp-json\/wp\/v2\/posts"}],"about":[{"href":"https:\/\/nvnoticias.mx\/index.php\/wp-json\/wp\/v2\/types\/post"}],"author":[{"embeddable":true,"href":"https:\/\/nvnoticias.mx\/index.php\/wp-json\/wp\/v2\/users\/35"}],"replies":[{"embeddable":true,"href":"https:\/\/nvnoticias.mx\/index.php\/wp-json\/wp\/v2\/comments?post=200929"}],"version-history":[{"count":3,"href":"https:\/\/nvnoticias.mx\/index.php\/wp-json\/wp\/v2\/posts\/200929\/revisions"}],"predecessor-version":[{"id":200933,"href":"https:\/\/nvnoticias.mx\/index.php\/wp-json\/wp\/v2\/posts\/200929\/revisions\/200933"}],"wp:featuredmedia":[{"embeddable":true,"href":"https:\/\/nvnoticias.mx\/index.php\/wp-json\/wp\/v2\/media\/200930"}],"wp:attachment":[{"href":"https:\/\/nvnoticias.mx\/index.php\/wp-json\/wp\/v2\/media?parent=200929"}],"wp:term":[{"taxonomy":"category","embeddable":true,"href":"https:\/\/nvnoticias.mx\/index.php\/wp-json\/wp\/v2\/categories?post=200929"},{"taxonomy":"post_tag","embeddable":true,"href":"https:\/\/nvnoticias.mx\/index.php\/wp-json\/wp\/v2\/tags?post=200929"}],"curies":[{"name":"wp","href":"https:\/\/api.w.org\/{rel}","templated":true}]}}