{"id":200921,"date":"2025-11-17T11:23:21","date_gmt":"2025-11-17T17:23:21","guid":{"rendered":"https:\/\/nvnoticias.mx\/?p=200921"},"modified":"2025-11-17T11:23:25","modified_gmt":"2025-11-17T17:23:25","slug":"acumulan-retrasos-juicios-de-pensiones-alimenticias-en-veracruz","status":"publish","type":"post","link":"https:\/\/nvnoticias.mx\/index.php\/2025\/11\/17\/acumulan-retrasos-juicios-de-pensiones-alimenticias-en-veracruz\/","title":{"rendered":"Acumulan retrasos\u00a0juicios de pensiones alimenticias en Veracruz"},"content":{"rendered":"\n<p><\/p>\n\n\n\n<p><strong>Jes\u00fas Utrilla \/ NV Noticias <\/strong><\/p>\n\n\n\n<p>Los juicios de pensiones alimenticias en Veracruz contin\u00faan acumulando retrasos que alcanzan incluso 20 a\u00f1os, pese a que la legislaci\u00f3n marca que estos asuntos deben resolverse de inmediato al ser medidas cautelares, se\u00f1al\u00f3 Manuel V\u00e1zquez Canela, abogado con trayectoria en criminolog\u00eda y derecho familiar.<\/p>\n\n\n\n<p>La saturaci\u00f3n en los juzgados familiares, la falta de capacidad operativa y el crecimiento constante de los expedientes han generado que miles de beneficiarios sigan sin recibir los recursos establecidos por la ley.<\/p>\n\n\n\n<p>Explic\u00f3 que el art\u00edculo 210 del sistema jur\u00eddico local es la \u00fanica base para la tramitaci\u00f3n de los casos de alimentos, un terreno que calific\u00f3 como sensible y complejo. Asegur\u00f3 que en los registros del Poder Judicial existe un n\u00famero indeterminado de expedientes con adeudos millonarios que no se han hecho efectivos debido al tortuguismo tanto en fiscal\u00edas como en juzgados.<\/p>\n\n\n\n<p>El acad\u00e9mico agreg\u00f3 que la brecha entre lo que establece la ley y el funcionamiento real del sistema es cada vez m\u00e1s evidente.<\/p>\n\n\n\n<p>\u201cDebe ser inmediato, pero vaya a los juzgados, pidan expedientes y vean cu\u00e1nto tardan. Hay casos de verdad hasta de 20 a\u00f1os atr\u00e1s o m\u00e1s, pensiones que no se cumplen. No se les da a los acreedores alimentarios lo que les corresponde; no hay justicia familiar ni en Veracruz ni en ninguna entidad federativa\u201d.<\/p>\n\n\n\n<p>V\u00e1zquez Canela indic\u00f3 que podr\u00edan existir m\u00e1s de mil casos con largos periodos de incumplimiento solo en la entidad, aunque reconoci\u00f3 que la estad\u00edstica oficial corresponde al Poder Judicial del Estado. Consider\u00f3 que la multiplicaci\u00f3n de juzgados familiares no ha sido suficiente para atender la demanda y que la falta de recursos, la lejan\u00eda de servicios y la corrupci\u00f3n han influido en que estos procesos se extiendan por a\u00f1os.<\/p>\n\n\n\n<p>El especialista ofrecer\u00e1 el pr\u00f3ximo 20 de noviembre, de 17:00 a 19:00 horas, una conferencia en la Casa de la Cultura Jur\u00eddica, dirigida a estudiantes de criminolog\u00eda, docentes, autoridades y p\u00fablico en general<\/p>\n","protected":false},"excerpt":{"rendered":"<p>Jes\u00fas Utrilla \/ NV Noticias Los juicios de pensiones alimenticias en Veracruz contin\u00faan acumulando retrasos que alcanzan incluso 20 a\u00f1os, pese a que la legislaci\u00f3n marca que estos asuntos deben resolverse de inmediato al ser medidas cautelares, se\u00f1al\u00f3 Manuel V\u00e1zquez Canela, abogado con trayectoria en criminolog\u00eda y derecho familiar. La saturaci\u00f3n en los juzgados familiares, [&hellip;]<\/p>\n","protected":false},"author":8,"featured_media":200922,"comment_status":"open","ping_status":"open","sticky":false,"template":"","format":"standard","meta":{"_monsterinsights_skip_tracking":false,"_monsterinsights_sitenote_active":false,"_monsterinsights_sitenote_note":"","_monsterinsights_sitenote_category":0,"footnotes":""},"categories":[154],"tags":[9082,2025,4231],"class_list":["post-200921","post","type-post","status-publish","format-standard","has-post-thumbnail","hentry","category-veracruz","tag-juicios","tag-pensiones","tag-retrasos","wp-image-borders"],"amp_enabled":true,"_links":{"self":[{"href":"https:\/\/nvnoticias.mx\/index.php\/wp-json\/wp\/v2\/posts\/200921","targetHints":{"allow":["GET"]}}],"collection":[{"href":"https:\/\/nvnoticias.mx\/index.php\/wp-json\/wp\/v2\/posts"}],"about":[{"href":"https:\/\/nvnoticias.mx\/index.php\/wp-json\/wp\/v2\/types\/post"}],"author":[{"embeddable":true,"href":"https:\/\/nvnoticias.mx\/index.php\/wp-json\/wp\/v2\/users\/8"}],"replies":[{"embeddable":true,"href":"https:\/\/nvnoticias.mx\/index.php\/wp-json\/wp\/v2\/comments?post=200921"}],"version-history":[{"count":1,"href":"https:\/\/nvnoticias.mx\/index.php\/wp-json\/wp\/v2\/posts\/200921\/revisions"}],"predecessor-version":[{"id":200923,"href":"https:\/\/nvnoticias.mx\/index.php\/wp-json\/wp\/v2\/posts\/200921\/revisions\/200923"}],"wp:featuredmedia":[{"embeddable":true,"href":"https:\/\/nvnoticias.mx\/index.php\/wp-json\/wp\/v2\/media\/200922"}],"wp:attachment":[{"href":"https:\/\/nvnoticias.mx\/index.php\/wp-json\/wp\/v2\/media?parent=200921"}],"wp:term":[{"taxonomy":"category","embeddable":true,"href":"https:\/\/nvnoticias.mx\/index.php\/wp-json\/wp\/v2\/categories?post=200921"},{"taxonomy":"post_tag","embeddable":true,"href":"https:\/\/nvnoticias.mx\/index.php\/wp-json\/wp\/v2\/tags?post=200921"}],"curies":[{"name":"wp","href":"https:\/\/api.w.org\/{rel}","templated":true}]}}