{"id":200864,"date":"2025-11-17T10:19:08","date_gmt":"2025-11-17T16:19:08","guid":{"rendered":"https:\/\/nvnoticias.mx\/?p=200864"},"modified":"2025-11-17T10:19:13","modified_gmt":"2025-11-17T16:19:13","slug":"sheinbaum-se-solidariza-con-fotoperiodistas-agredidos-en-la-marcha","status":"publish","type":"post","link":"https:\/\/nvnoticias.mx\/index.php\/2025\/11\/17\/sheinbaum-se-solidariza-con-fotoperiodistas-agredidos-en-la-marcha\/","title":{"rendered":"Sheinbaum se solidariza con fotoperiodistas agredidos en la marcha"},"content":{"rendered":"\n<p>La presidenta Claudia Sheinbaum Pardo se solidariz\u00f3 con fotoperiodistas que fueron agredidos en las manifestaciones del s\u00e1bado pasado en el Z\u00f3calo por elementos de la polic\u00eda capitalina, y recalc\u00f3 que hay elementos para sanciones en caso de abuso por parte de polic\u00edas.<\/p>\n\n\n\n<p>\u201cAhora que vi a la compa\u00f1era fot\u00f3grafa de\u00a0<em>La Jornada;<\/em>\u00a0tambi\u00e9n nuestra solidaridad con los reporteros, con los periodistas que fueron golpeados, y si fue polic\u00eda qui\u00e9n los golpe\u00f3, tiene que haber sanciones. Como digo, ah\u00ed donde hubo abuso, tiene que sancionarse y la polic\u00eda tiene sus mecanismos de sanci\u00f3n, y hay que ponerlo sobre la mesa tambi\u00e9n, porque no lo hab\u00eda dicho, entonces tambi\u00e9n mi solidaridad y mi apoyo\u201d, expres\u00f3 este lunes la mandataria antes de concluir su conferencia de prensa diaria y sin pregunta de por medio.\u00a0<br><\/p>\n\n\n\n<p>El s\u00e1bado pasado, V\u00edctor Manuel Camacho, reportero gr\u00e1fico de este diario, fue agredido y despojado de su equipo por polic\u00edas de la Secretar\u00eda de Seguridad Ciudadana de la Ciudad de M\u00e9xico mientras cubr\u00eda las manifestaciones. Otros reporteros gr\u00e1ficos tambi\u00e9n denunciaron agresiones.<\/p>\n\n\n\n<p>Fuente: La <a href=\"https:\/\/www.jornada.com.mx\/noticia\/2025\/11\/17\/politica\/sheinbaum-se-solidariza-con-fotoreporteros-agredidos-en-la-marcha-del-sabado\">Jornada<\/a><\/p>\n","protected":false},"excerpt":{"rendered":"<p>La presidenta Claudia Sheinbaum Pardo se solidariz\u00f3 con fotoperiodistas que fueron agredidos en las manifestaciones del s\u00e1bado pasado en el Z\u00f3calo por elementos de la polic\u00eda capitalina, y recalc\u00f3 que hay elementos para sanciones en caso de abuso por parte de polic\u00edas. \u201cAhora que vi a la compa\u00f1era fot\u00f3grafa de\u00a0La Jornada;\u00a0tambi\u00e9n nuestra solidaridad con los [&hellip;]<\/p>\n","protected":false},"author":35,"featured_media":200865,"comment_status":"open","ping_status":"open","sticky":false,"template":"","format":"standard","meta":{"_monsterinsights_skip_tracking":false,"_monsterinsights_sitenote_active":false,"_monsterinsights_sitenote_note":"","_monsterinsights_sitenote_category":0,"footnotes":""},"categories":[158],"tags":[2801,32639,162],"class_list":["post-200864","post","type-post","status-publish","format-standard","has-post-thumbnail","hentry","category-politica","tag-claudia-sheinbaum","tag-fotoperiodistas","tag-portada","wp-image-borders"],"amp_enabled":true,"_links":{"self":[{"href":"https:\/\/nvnoticias.mx\/index.php\/wp-json\/wp\/v2\/posts\/200864","targetHints":{"allow":["GET"]}}],"collection":[{"href":"https:\/\/nvnoticias.mx\/index.php\/wp-json\/wp\/v2\/posts"}],"about":[{"href":"https:\/\/nvnoticias.mx\/index.php\/wp-json\/wp\/v2\/types\/post"}],"author":[{"embeddable":true,"href":"https:\/\/nvnoticias.mx\/index.php\/wp-json\/wp\/v2\/users\/35"}],"replies":[{"embeddable":true,"href":"https:\/\/nvnoticias.mx\/index.php\/wp-json\/wp\/v2\/comments?post=200864"}],"version-history":[{"count":4,"href":"https:\/\/nvnoticias.mx\/index.php\/wp-json\/wp\/v2\/posts\/200864\/revisions"}],"predecessor-version":[{"id":200869,"href":"https:\/\/nvnoticias.mx\/index.php\/wp-json\/wp\/v2\/posts\/200864\/revisions\/200869"}],"wp:featuredmedia":[{"embeddable":true,"href":"https:\/\/nvnoticias.mx\/index.php\/wp-json\/wp\/v2\/media\/200865"}],"wp:attachment":[{"href":"https:\/\/nvnoticias.mx\/index.php\/wp-json\/wp\/v2\/media?parent=200864"}],"wp:term":[{"taxonomy":"category","embeddable":true,"href":"https:\/\/nvnoticias.mx\/index.php\/wp-json\/wp\/v2\/categories?post=200864"},{"taxonomy":"post_tag","embeddable":true,"href":"https:\/\/nvnoticias.mx\/index.php\/wp-json\/wp\/v2\/tags?post=200864"}],"curies":[{"name":"wp","href":"https:\/\/api.w.org\/{rel}","templated":true}]}}