{"id":200799,"date":"2025-11-17T09:04:43","date_gmt":"2025-11-17T15:04:43","guid":{"rendered":"https:\/\/nvnoticias.mx\/?p=200799"},"modified":"2025-11-17T09:04:48","modified_gmt":"2025-11-17T15:04:48","slug":"la-oposicion-sin-un-lider-ciudadano","status":"publish","type":"post","link":"https:\/\/nvnoticias.mx\/index.php\/2025\/11\/17\/la-oposicion-sin-un-lider-ciudadano\/","title":{"rendered":"La oposici\u00f3n, sin un l\u00edder ciudadano"},"content":{"rendered":"\n<p><\/p>\n\n\n\n<figure class=\"wp-block-pullquote\"><blockquote><p><strong>Ricardo Chua<\/strong><\/p><\/blockquote><\/figure>\n\n\n\n<p>A pesar que en muchas partes del pa\u00eds, incluido Veracruz, hay un descontento, que es evidente, por la forma que se maneja el r\u00e9gimen de la 4T (Porque no todo es malo, hay buenas decisiones que han realizado a favor de la ciudadan\u00eda), ya no hay discurso con el cual el imaginario colectivo pueda cambiar de opini\u00f3n.. Tambi\u00e9n es una realidad, que desde el 2018, NO HA SURGIDO en el movimiento opositor a MORENA, un l\u00edder ciudadano, que pueda aglutinar y capitalizar todo eso a favor de una corriente distinta a la Cuarta Transformaci\u00f3n.. Por lo pronto, el r\u00e9gimen en el poder no tiene que temer..<\/p>\n\n\n\n<p>Por eso, si la misma sociedad se ha dado cuenta que el comportamiento de los pol\u00edticos representantes de MORENA, es similar a los que ten\u00edan en su momento los pol\u00edticos del PRI o PAN.. En este momento, no tienen la persona que logre conjuntar todas esas inconformidades, que se tienen de la 4T.. Para que en 2027 y 2030 puedan cambiar de r\u00e9gimen y ya no gobierne MORENA.. Eso, al menos, en esta etapa de la historia, es dif\u00edcil que se pueda presentar en las elecciones federales y locales del 2027 y 2030..<\/p>\n\n\n\n<p>Para desgracia de la oposici\u00f3n en el pa\u00eds.. La \u00fanica persona que estaba dando estas &#8220;se\u00f1ales&#8221; de ser un pol\u00edtico distinto a los &#8220;morenistas&#8221; y que podr\u00eda representar una opci\u00f3n real para los ciudadanos que desean un gobierno distinto a la 4T.. Era el alcalde de Uruapan, Carlos Manzo.. Pero \u00e9l fue ultimado a balazos hace 17 d\u00edas en su natal Michoac\u00e1n.. En resumen, lo mataron y ya no puede ser la opci\u00f3n electoral en las urnas en 2030.. Se estaba perfilando para ser el candidato que iba a enfrentar el aspirante que mande MORENA..<\/p>\n\n\n\n<p>Motivo por el cual, independientemente porque ah\u00ed no se puede &#8220;tapar el sol con un dedo&#8221;, sea cual fuera el motivo por el cual asesinaron a Carlos Manzo, este homicidio va m\u00e1s all\u00e1 de un personaje que andaba de &#8220;revoltoso&#8221; pol\u00edticamente.. Ya que ah\u00ed ese 1 de noviembre mataron la posibilidad con el \u00fanico personaje, que significaba la representaci\u00f3n de ese descontento social que tienen muchos sectores de la poblaci\u00f3n en contra de la 4T.. Es decir, desaparecieron al pol\u00edtico, que representaba algo en contra de lo que est\u00e1 gobernando desde hace 7 a\u00f1os..<\/p>\n\n\n\n<p>Pero de que ha empezado la &#8220;presi\u00f3n&#8221; social.. Esta ha comenzado ya para el r\u00e9gimen.. Esto es algo normal cuando un partido toma el poder por m\u00e1s de un sexenio.. Le pas\u00f3 al PRI, le sucedi\u00f3 al PAN, con MORENA no iba a suceder de manera diferente.. Esos gobiernos en su momento, lo que hicieron para &#8220;bajar&#8221; esa presi\u00f3n, dejaban que algunas plazas del pa\u00eds los partidos opositores ganaran sus espacios pol\u00edticos para que todo se fuera &#8220;normalizar&#8221;.. Pero en MORENA este tipo de &#8220;tendencia&#8221; no son usuales.. Como lograron ganar tanto en 2018.. No lo quieren empezar a perder tan f\u00e1cil..<\/p>\n\n\n\n<p>Por ello, es que las versiones que siempre se han se\u00f1alado en la clase pol\u00edtica mexicana, despu\u00e9s de que ganara MORENA con Andr\u00e9s Manuel L\u00f3pez Obrador.. Ese partido que el sistema de la 4T ocupa como de &#8220;fuga&#8221;, es Movimiento Ciudadano.. Hay quienes califican que MC y MORENA son lo mismo.. Lo que queda claro, que esa opci\u00f3n nunca ser\u00e1 un panista o alguien aliado del PAN.. Ya que tampoco sirven a los mismos intereses.. Y en M\u00e9xico, la realidad pol\u00edtica es as\u00ed.. Representar los mismos intereses para ser aliados..<\/p>\n\n\n\n<p>Raz\u00f3n por la cual, aunque dentro de MORENA haya conflictos entre sus pol\u00edticos, no habr\u00e1 manera que entre ellos se destruyan.. Su movimiento es muy fuerte para que eso pase.. Ejemplo claro en Veracruz, la diferencias entre el equipo del gobierno del Estado y el equipo del senador Manuel Huerta, son muy grandes.. Pero a\u00fan as\u00ed, no proceden en contra uno en contra del otro.. Habr\u00e1 pleitos medi\u00e1ticos o pol\u00edticos, pero no pasar\u00e1n de ah\u00ed.. No se har\u00e1n da\u00f1o.. Hay poderes &#8220;supremos&#8221; en CDMX que no lo van a permitir.. No habr\u00e1 cambios..<\/p>\n\n\n\n<p>Al final de cuentas, lo que s\u00ed le puede preocupar ahora al r\u00e9gimen de la 4T.. No es la oposici\u00f3n porque esa a\u00fan no existe realmente para el 2027.. Pero si es en el fallo que tuvieron, al no poder &#8220;sembrar esa semilla&#8221; que quisieron dejar en contra de movimientos sociales o de protesta, como fue la Marcha de la &#8220;Generaci\u00f3n Z&#8221; del pasado s\u00e1bado, lo cual ya no se les hizo realidad.. Ese es el verdadero &#8220;meollo&#8221; del asunto.. Puede ser que MORENA gane en 2030, pero ya esa inconformidad se manifiesta en j\u00f3venes que no cumplen ni los 25 a\u00f1os.. Y eso ser\u00e1 un riesgo para mantenerse en el poder..<\/p>\n\n\n\n<p>REFLEXI\u00d3N.. Tal como pas\u00f3 con el PRI y PAN en sexenios pasados.. Ahora este escenario se le presenta a MORENA.. Muchos de estos j\u00f3venes manifestantes del s\u00e1bado, eran ni\u00f1os cuando Andr\u00e9s Manuel L\u00f3pez Obrador gan\u00f3 la Presidencia en 2018.. Hoy ya llevan un sexenio gobernados por la 4T y han llegado a su vida adolescente o adulta, pero no les ha gustado lo que han visto o vivido.. Por eso, ellos ahora se inconforman como cuando esa generaci\u00f3n que ahora tienen 50 a\u00f1os repudi\u00f3 al PRI y los que tienen 40 repudiaron al PAN.. La historia se &#8220;recicla&#8221;..<\/p>\n\n\n\n<p>Todo esto es que se puede complicar al actual sistema de la 4T.. Ya que muchos de estos j\u00f3venes que marcharon porque est\u00e1n inconformes, pese a los programas de &#8220;J\u00f3venes construyendo el futuro&#8221;.. No se acuerdan ya de Felipe Calder\u00f3n, algunos quiz\u00e1s, recuerden a Enrique Pe\u00f1a Nieto.. Se acuerdan de Andr\u00e9s Manuel L\u00f3pez Obrador porque ha sido el sexenio donde les toc\u00f3 crecer.. Y si est\u00e1n descontentos, es con ellos, no con el pasado de los &#8220;neoliberales&#8221;.. Es ah\u00ed donde MORENA debe poner atenci\u00f3n o le pasar\u00e1 lo del PRI y PAN.. AMEN..<\/p>\n","protected":false},"excerpt":{"rendered":"<p>Ricardo Chua A pesar que en muchas partes del pa\u00eds, incluido Veracruz, hay un descontento, que es evidente, por la forma que se maneja el r\u00e9gimen de la 4T (Porque no todo es malo, hay buenas decisiones que han realizado a favor de la ciudadan\u00eda), ya no hay discurso con el cual el imaginario colectivo [&hellip;]<\/p>\n","protected":false},"author":29,"featured_media":200800,"comment_status":"open","ping_status":"open","sticky":false,"template":"","format":"standard","meta":{"_monsterinsights_skip_tracking":false,"_monsterinsights_sitenote_active":false,"_monsterinsights_sitenote_note":"","_monsterinsights_sitenote_category":0,"footnotes":""},"categories":[245],"tags":[327],"class_list":["post-200799","post","type-post","status-publish","format-standard","has-post-thumbnail","hentry","category-dialogos-de-poder","tag-ricardo-chua","wp-image-borders"],"amp_enabled":true,"_links":{"self":[{"href":"https:\/\/nvnoticias.mx\/index.php\/wp-json\/wp\/v2\/posts\/200799","targetHints":{"allow":["GET"]}}],"collection":[{"href":"https:\/\/nvnoticias.mx\/index.php\/wp-json\/wp\/v2\/posts"}],"about":[{"href":"https:\/\/nvnoticias.mx\/index.php\/wp-json\/wp\/v2\/types\/post"}],"author":[{"embeddable":true,"href":"https:\/\/nvnoticias.mx\/index.php\/wp-json\/wp\/v2\/users\/29"}],"replies":[{"embeddable":true,"href":"https:\/\/nvnoticias.mx\/index.php\/wp-json\/wp\/v2\/comments?post=200799"}],"version-history":[{"count":1,"href":"https:\/\/nvnoticias.mx\/index.php\/wp-json\/wp\/v2\/posts\/200799\/revisions"}],"predecessor-version":[{"id":200801,"href":"https:\/\/nvnoticias.mx\/index.php\/wp-json\/wp\/v2\/posts\/200799\/revisions\/200801"}],"wp:featuredmedia":[{"embeddable":true,"href":"https:\/\/nvnoticias.mx\/index.php\/wp-json\/wp\/v2\/media\/200800"}],"wp:attachment":[{"href":"https:\/\/nvnoticias.mx\/index.php\/wp-json\/wp\/v2\/media?parent=200799"}],"wp:term":[{"taxonomy":"category","embeddable":true,"href":"https:\/\/nvnoticias.mx\/index.php\/wp-json\/wp\/v2\/categories?post=200799"},{"taxonomy":"post_tag","embeddable":true,"href":"https:\/\/nvnoticias.mx\/index.php\/wp-json\/wp\/v2\/tags?post=200799"}],"curies":[{"name":"wp","href":"https:\/\/api.w.org\/{rel}","templated":true}]}}