{"id":200761,"date":"2025-11-16T15:44:15","date_gmt":"2025-11-16T21:44:15","guid":{"rendered":"https:\/\/nvnoticias.mx\/?p=200761"},"modified":"2025-11-16T15:44:19","modified_gmt":"2025-11-16T21:44:19","slug":"buscan-transportistas-de-carga-aumento-a-la-tarifa","status":"publish","type":"post","link":"https:\/\/nvnoticias.mx\/index.php\/2025\/11\/16\/buscan-transportistas-de-carga-aumento-a-la-tarifa\/","title":{"rendered":"Buscan transportistas de carga aumento a la tarifa"},"content":{"rendered":"\n<p><br>Jes\u00fas Utrilla \/ NV Noticias <\/p>\n\n\n\n<p><br>El sector autotransporte de carga enfrenta un cierre de a\u00f1o complicado debido al incremento de costos operativos, la disminuci\u00f3n de operadores y el repunte de delitos en carreteras, se\u00f1al\u00f3 Carlos Garc\u00eda \u00c1lvarez, presidente nacional de la Honorable Alianza Mexicana de Organizaciones de Transportes (HAMOTAC).<\/p>\n\n\n\n<p><br>Dijo que redujo la rentabilidad y mantienen presiones sobre las tarifas de servicio, ya que la falta de condiciones para trabajar se ha agudizado en los \u00faltimos meses, lo que compromete la continuidad de peque\u00f1as y medianas empresas transportistas.<\/p>\n\n\n\n<p><br>\u201cTenemos una baja de operadores de un 40 por ciento y el tema de la inflaci\u00f3n nos ha pegado mucho. Todo se ha incrementado, refacciones, unidades, seguros. Ya era insostenible y ahora est\u00e1 peor, porque la utilidad es m\u00ednima y los gastos operativos inalcanzables para un transportista\u201d.<\/p>\n\n\n\n<p><br>Indic\u00f3 que mantienen tarifas rezagadas desde hace m\u00e1s de tres d\u00e9cadas y solicitar\u00e1n un ajuste en 2025 para poder enfrentar el alza de costos, pues los insumos subieron\u00a0 alrededor del 20 por ciento. Adem\u00e1s, acus\u00f3 pr\u00e1cticas monop\u00f3licas que afectan a la mayor\u00eda del sector.<\/p>\n\n\n\n<p><br>\u201cHemos pedido nuevas tarifas porque seguimos con tarifas desde 1989. Hay un monopolio, s\u00ed existe, y hay personas que est\u00e1n benefici\u00e1ndose con un grupo y est\u00e1n saqueando al pa\u00eds. Necesitamos condiciones justas para seguir trabajando con seguridad\u201d.<\/p>\n\n\n\n<p><br>En cuanto a seguridad, expuso que el robo al transporte increment\u00f3 25 por ciento, particularmente en corredores como M\u00e9xico\u2013Veracruz\u2013Puebla y la autopista 57. Por ello, m contin\u00faan gestionando estrategias con autoridades estatales y municipales para reforzar vigilancia en rutas de alto riesgo.<br><\/p>\n","protected":false},"excerpt":{"rendered":"<p>Jes\u00fas Utrilla \/ NV Noticias El sector autotransporte de carga enfrenta un cierre de a\u00f1o complicado debido al incremento de costos operativos, la disminuci\u00f3n de operadores y el repunte de delitos en carreteras, se\u00f1al\u00f3 Carlos Garc\u00eda \u00c1lvarez, presidente nacional de la Honorable Alianza Mexicana de Organizaciones de Transportes (HAMOTAC). Dijo que redujo la rentabilidad y [&hellip;]<\/p>\n","protected":false},"author":8,"featured_media":153105,"comment_status":"open","ping_status":"open","sticky":false,"template":"","format":"standard","meta":{"_monsterinsights_skip_tracking":false,"_monsterinsights_sitenote_active":false,"_monsterinsights_sitenote_note":"","_monsterinsights_sitenote_category":0,"footnotes":""},"categories":[154],"tags":[3109,810,709],"class_list":["post-200761","post","type-post","status-publish","format-standard","has-post-thumbnail","hentry","category-veracruz","tag-aumento","tag-tarifa","tag-transportistas","wp-image-borders"],"amp_enabled":true,"_links":{"self":[{"href":"https:\/\/nvnoticias.mx\/index.php\/wp-json\/wp\/v2\/posts\/200761","targetHints":{"allow":["GET"]}}],"collection":[{"href":"https:\/\/nvnoticias.mx\/index.php\/wp-json\/wp\/v2\/posts"}],"about":[{"href":"https:\/\/nvnoticias.mx\/index.php\/wp-json\/wp\/v2\/types\/post"}],"author":[{"embeddable":true,"href":"https:\/\/nvnoticias.mx\/index.php\/wp-json\/wp\/v2\/users\/8"}],"replies":[{"embeddable":true,"href":"https:\/\/nvnoticias.mx\/index.php\/wp-json\/wp\/v2\/comments?post=200761"}],"version-history":[{"count":1,"href":"https:\/\/nvnoticias.mx\/index.php\/wp-json\/wp\/v2\/posts\/200761\/revisions"}],"predecessor-version":[{"id":200762,"href":"https:\/\/nvnoticias.mx\/index.php\/wp-json\/wp\/v2\/posts\/200761\/revisions\/200762"}],"wp:featuredmedia":[{"embeddable":true,"href":"https:\/\/nvnoticias.mx\/index.php\/wp-json\/wp\/v2\/media\/153105"}],"wp:attachment":[{"href":"https:\/\/nvnoticias.mx\/index.php\/wp-json\/wp\/v2\/media?parent=200761"}],"wp:term":[{"taxonomy":"category","embeddable":true,"href":"https:\/\/nvnoticias.mx\/index.php\/wp-json\/wp\/v2\/categories?post=200761"},{"taxonomy":"post_tag","embeddable":true,"href":"https:\/\/nvnoticias.mx\/index.php\/wp-json\/wp\/v2\/tags?post=200761"}],"curies":[{"name":"wp","href":"https:\/\/api.w.org\/{rel}","templated":true}]}}