{"id":200749,"date":"2025-11-15T19:10:35","date_gmt":"2025-11-16T01:10:35","guid":{"rendered":"https:\/\/nvnoticias.mx\/?p=200749"},"modified":"2025-11-15T19:10:40","modified_gmt":"2025-11-16T01:10:40","slug":"80-heridos-y-40-detenidos-tras-enfrentamiento-en-marcha-de-generacion-z-en-mexico","status":"publish","type":"post","link":"https:\/\/nvnoticias.mx\/index.php\/2025\/11\/15\/80-heridos-y-40-detenidos-tras-enfrentamiento-en-marcha-de-generacion-z-en-mexico\/","title":{"rendered":"80 heridos y 40 detenidos tras enfrentamiento en marcha de Generaci\u00f3n Z en M\u00e9xico"},"content":{"rendered":"\n<p><\/p>\n\n\n\n<p>El Gobierno de la Ciudad de M\u00e9xico report\u00f3 que tras los enfrentamientos registrados este s\u00e1bado 15 de noviembre durante la marcha denominada de l al Generaci\u00f3n Z, hay 80 lesionados entre polic\u00edas y civile, as\u00ed como 20 personas detenidas.<\/p>\n\n\n\n<p>En conferencia de prensa,&nbsp;Pablo V\u00e1zquez, titular de la Secretar\u00eda de Seguridad Ciudadana de la Ciudad de M\u00e9xico (SSC-CDMX), detall\u00f3&nbsp; que 60 uniformados resultaron heridos, 40 fueron trasladados a hospitales, 36 por contusiones y cortes, mientras otros cuatro requieren tratamiento especializado, aunque&nbsp;su vida no est\u00e1&nbsp;en riesgo.<\/p>\n\n\n\n<p>Al ser cuestionado por una reportera sobre los civiles lesionados, el funcionario capitalino&nbsp;dio a conocer que hasta el momento se han reportado 20 personas lesionadas y afirm\u00f3 que todas presentaban &#8220;lesiones menores&#8221;, por lo que fueron atendidas por cuerpos de emergencia en el lugar.<\/p>\n\n\n\n<p>Adem\u00e1s, V\u00e1zquez Camacho indic\u00f3 que 40 personas fueron detenidas durante la movilizaci\u00f3n,&nbsp;20 de ellas&nbsp;ser\u00e1n presentados ante un&nbsp;Ministerio P\u00fablico y se les abrir\u00e1 una investigaci\u00f3n por lesiones, robos y otros delitos; mientras que otras 20 personas fueron remitidas por faltas administrativas.&nbsp;<\/p>\n\n\n\n<p>&#8220;Queremos decir que reprobamos la existencia de estos grupos. Rechazamos que una manifestaci\u00f3n contra la violencia, haya tenido violencia. Reconozco la valent\u00eda de los elementos de Seguridad&#8221;.<\/p>\n\n\n\n<p><\/p>\n","protected":false},"excerpt":{"rendered":"<p>El Gobierno de la Ciudad de M\u00e9xico report\u00f3 que tras los enfrentamientos registrados este s\u00e1bado 15 de noviembre durante la marcha denominada de l al Generaci\u00f3n Z, hay 80 lesionados entre polic\u00edas y civile, as\u00ed como 20 personas detenidas. En conferencia de prensa,&nbsp;Pablo V\u00e1zquez, titular de la Secretar\u00eda de Seguridad Ciudadana de la Ciudad de [&hellip;]<\/p>\n","protected":false},"author":8,"featured_media":200750,"comment_status":"open","ping_status":"open","sticky":false,"template":"","format":"standard","meta":{"_monsterinsights_skip_tracking":false,"_monsterinsights_sitenote_active":false,"_monsterinsights_sitenote_note":"","_monsterinsights_sitenote_category":0,"footnotes":""},"categories":[157],"tags":[788,3024,1507,162],"class_list":["post-200749","post","type-post","status-publish","format-standard","has-post-thumbnail","hentry","category-nacional","tag-detenidos","tag-lesionados","tag-marcha","tag-portada","wp-image-borders"],"amp_enabled":true,"_links":{"self":[{"href":"https:\/\/nvnoticias.mx\/index.php\/wp-json\/wp\/v2\/posts\/200749","targetHints":{"allow":["GET"]}}],"collection":[{"href":"https:\/\/nvnoticias.mx\/index.php\/wp-json\/wp\/v2\/posts"}],"about":[{"href":"https:\/\/nvnoticias.mx\/index.php\/wp-json\/wp\/v2\/types\/post"}],"author":[{"embeddable":true,"href":"https:\/\/nvnoticias.mx\/index.php\/wp-json\/wp\/v2\/users\/8"}],"replies":[{"embeddable":true,"href":"https:\/\/nvnoticias.mx\/index.php\/wp-json\/wp\/v2\/comments?post=200749"}],"version-history":[{"count":1,"href":"https:\/\/nvnoticias.mx\/index.php\/wp-json\/wp\/v2\/posts\/200749\/revisions"}],"predecessor-version":[{"id":200751,"href":"https:\/\/nvnoticias.mx\/index.php\/wp-json\/wp\/v2\/posts\/200749\/revisions\/200751"}],"wp:featuredmedia":[{"embeddable":true,"href":"https:\/\/nvnoticias.mx\/index.php\/wp-json\/wp\/v2\/media\/200750"}],"wp:attachment":[{"href":"https:\/\/nvnoticias.mx\/index.php\/wp-json\/wp\/v2\/media?parent=200749"}],"wp:term":[{"taxonomy":"category","embeddable":true,"href":"https:\/\/nvnoticias.mx\/index.php\/wp-json\/wp\/v2\/categories?post=200749"},{"taxonomy":"post_tag","embeddable":true,"href":"https:\/\/nvnoticias.mx\/index.php\/wp-json\/wp\/v2\/tags?post=200749"}],"curies":[{"name":"wp","href":"https:\/\/api.w.org\/{rel}","templated":true}]}}