{"id":200722,"date":"2025-11-17T08:00:00","date_gmt":"2025-11-17T14:00:00","guid":{"rendered":"https:\/\/nvnoticias.mx\/?p=200722"},"modified":"2025-11-15T10:41:08","modified_gmt":"2025-11-15T16:41:08","slug":"la-generacion-z-arropada-por-la-derecha","status":"publish","type":"post","link":"https:\/\/nvnoticias.mx\/index.php\/2025\/11\/17\/la-generacion-z-arropada-por-la-derecha\/","title":{"rendered":"La generaci\u00f3n Z arropada por la derecha"},"content":{"rendered":"\n<p><\/p>\n\n\n\n<figure class=\"wp-block-pullquote\"><blockquote><p><strong>MACROSCOPIO<\/strong><br><strong>Edgard Gonz\u00e1lez Su\u00e1rez<\/strong><\/p><\/blockquote><\/figure>\n\n\n\n<p>La generaci\u00f3n Z se define como un grupo demogr\u00e1fico de personas nacidas aproximadamente entre 1997 y 2012. Tambi\u00e9n se les conoce como &#8220;zoomers&#8221; o &#8220;centennials&#8221;. Han crecido con acceso ilimitado a internet, se asumen como expertos en tecnolog\u00eda digital y redes sociales, y esto, sin duda, determina una manera especial de relacionarse con la sociedad, con el mundo y con la realidad social. Son fan\u00e1ticos de las redes, del homework, del manejo de datos digitales y que esta harta de todo tipo de gobiernos. No se consideran ni de izquierda ni de derecha y profesan una especie de anarquismo juvenil.<\/p>\n\n\n\n<p>La marcha de la llamada Generaci\u00f3n Z en la Ciudad de M\u00e9xico dej\u00f3 diversos saldos sociales, pol\u00edticos y culturales importantes. Este movimiento ya fue cuestionado por perder frescura y originalidad al estar entre sus organizadores militantes de la derecha mexicana y algunos auto dicentes \u201cj\u00f3venes\u201d de la generaci\u00f3n Z. La manifestaci\u00f3n tuvo como principales demandas la exigencia de mayor seguridad, oportunidades laborales, reducci\u00f3n de la jornada laboral y atenci\u00f3n a problemas sociales. Se manifest\u00f3 principalmente contra la inseguridad, el autoritarismo y la corrupci\u00f3n del gobierno, con consignas cr\u00edticas hacia el Gobierno de la 4t, y financiados por organizaciones empresariales y partidos pol\u00edticos.<\/p>\n\n\n\n<p>La \u201crebeld\u00eda\u201d Z, dej\u00f3 entrever varios de los problemas sociales que aquejan a nuestro pa\u00eds, sin embargo, carecen de propuestas concretas o espec\u00edficas. Los carteles, pintas y lonas, sembraron todo tipo de consignas que muestran el hartazgo o la frustraci\u00f3n de los activistas y sus seguidores.<\/p>\n\n\n\n<p>La movilizaci\u00f3n se caracteriz\u00f3 por un despliegue de protestas no siempre pac\u00edficas, ni tampoco de j\u00f3venes independientes y apol\u00edticos, como ellos mismo se autodefinen. En la marcha hubo episodios de tensi\u00f3n como el bloqueo de vialidades importantes y el derribe de vallas met\u00e1licas para controlar el acceso al Z\u00f3calo capitalino.<\/p>\n\n\n\n<p>El gobierno federal manifest\u00f3 ya su preocupaci\u00f3n, por considerar que la manifestaci\u00f3n es una fogata m\u00e1s de las campa\u00f1as de desinformaci\u00f3n organizadas por la derecha mexicana e internacional.<\/p>\n\n\n\n<p>La movilizaci\u00f3n de la llamada Generaci\u00f3n Z en nuestro pa\u00eds no parece ser un movimiento genuino ni org\u00e1nico, sino detr\u00e1s de \u00e9l han quedado evidenciados personajes de la oposici\u00f3n conservadora como Ricardo Salinas Pliego y Alejandro Moreno C\u00e1rdenas. Adem\u00e1s, ha quedado al descubierto la ayuda extranjera con cuentas creadas exprofeso y estrategias digitales empleando inteligencia artificial. Son celebres las im\u00e1genes de las movilizaciones masivas, gigantescas, apote\u00f3ticas, pero dise\u00f1adas en laboratorios digitales.&nbsp; Todo ello con el \u00fanico prop\u00f3sito de amplificar la convocatoria a trav\u00e9s de cuentas falsas, bots y campa\u00f1as coordinadas para derrocar al Gobierno. No son otra cosa que propaganda pura y dura.<\/p>\n\n\n\n<p>Este \u201ctipo\u201d de movilizaciones aparecen en varios lugares y pa\u00edses (Nepal, Filipinas, Indonesia, Marruecos, Madagascar, Per\u00fa y Bolivia) d\u00f3nde, por cierto, son se\u00f1alados de autoritarios, corruptos o de izquierda.<\/p>\n\n\n\n<p>Si bien los problemas sociales son puestos en la conversaci\u00f3n p\u00fablica como la desigualdad, la corrupci\u00f3n, la falta de oportunidades, la crisis clim\u00e1tica, la violencia y otros problemas sociales, se organizan a trav\u00e9s de las redes sociales.<\/p>\n\n\n\n<p>En mi opini\u00f3n los saldos que dejan estas movilizaciones en M\u00e9xico son:<\/p>\n\n\n\n<ol class=\"wp-block-list\">\n<li>una visibilizaci\u00f3n de las demandas urgentes de la juventud -trabajo, salario y vivienda-.<\/li>\n\n\n\n<li>un se\u00f1alamiento cr\u00edtico hacia los gobiernos a los que se califica de corruptos.<\/li>\n\n\n\n<li>una exigencia a detener la violencia en el pa\u00eds y garantizar la seguridad de los ciudadanos.<\/li>\n\n\n\n<li>Y en algunos casos consignas a favor de del cambio clim\u00e1tico o mejoras en la educaci\u00f3n.<\/li>\n<\/ol>\n\n\n\n<p>Demandas sociales, es decir un discurso progresista y de corte reformista, pero financiado por la derecha conservadora con prop\u00f3sitos disruptivos y de desgaste del gobierno en turno. La derecha en lo suyo apost\u00e1ndole a las redes sociales para el descredito y desgaste del gobierno de la 4T.<\/p>\n","protected":false},"excerpt":{"rendered":"<p>MACROSCOPIOEdgard Gonz\u00e1lez Su\u00e1rez La generaci\u00f3n Z se define como un grupo demogr\u00e1fico de personas nacidas aproximadamente entre 1997 y 2012. Tambi\u00e9n se les conoce como &#8220;zoomers&#8221; o &#8220;centennials&#8221;. Han crecido con acceso ilimitado a internet, se asumen como expertos en tecnolog\u00eda digital y redes sociales, y esto, sin duda, determina una manera especial de relacionarse [&hellip;]<\/p>\n","protected":false},"author":26,"featured_media":200723,"comment_status":"open","ping_status":"open","sticky":false,"template":"","format":"standard","meta":{"_monsterinsights_skip_tracking":false,"_monsterinsights_sitenote_active":false,"_monsterinsights_sitenote_note":"","_monsterinsights_sitenote_category":0,"footnotes":""},"categories":[242],"tags":[31991],"class_list":["post-200722","post","type-post","status-publish","format-standard","has-post-thumbnail","hentry","category-macroscopio","tag-edgar-gonzalez-suarez","wp-image-borders"],"amp_enabled":true,"_links":{"self":[{"href":"https:\/\/nvnoticias.mx\/index.php\/wp-json\/wp\/v2\/posts\/200722","targetHints":{"allow":["GET"]}}],"collection":[{"href":"https:\/\/nvnoticias.mx\/index.php\/wp-json\/wp\/v2\/posts"}],"about":[{"href":"https:\/\/nvnoticias.mx\/index.php\/wp-json\/wp\/v2\/types\/post"}],"author":[{"embeddable":true,"href":"https:\/\/nvnoticias.mx\/index.php\/wp-json\/wp\/v2\/users\/26"}],"replies":[{"embeddable":true,"href":"https:\/\/nvnoticias.mx\/index.php\/wp-json\/wp\/v2\/comments?post=200722"}],"version-history":[{"count":2,"href":"https:\/\/nvnoticias.mx\/index.php\/wp-json\/wp\/v2\/posts\/200722\/revisions"}],"predecessor-version":[{"id":200725,"href":"https:\/\/nvnoticias.mx\/index.php\/wp-json\/wp\/v2\/posts\/200722\/revisions\/200725"}],"wp:featuredmedia":[{"embeddable":true,"href":"https:\/\/nvnoticias.mx\/index.php\/wp-json\/wp\/v2\/media\/200723"}],"wp:attachment":[{"href":"https:\/\/nvnoticias.mx\/index.php\/wp-json\/wp\/v2\/media?parent=200722"}],"wp:term":[{"taxonomy":"category","embeddable":true,"href":"https:\/\/nvnoticias.mx\/index.php\/wp-json\/wp\/v2\/categories?post=200722"},{"taxonomy":"post_tag","embeddable":true,"href":"https:\/\/nvnoticias.mx\/index.php\/wp-json\/wp\/v2\/tags?post=200722"}],"curies":[{"name":"wp","href":"https:\/\/api.w.org\/{rel}","templated":true}]}}