{"id":200585,"date":"2025-11-13T14:01:51","date_gmt":"2025-11-13T20:01:51","guid":{"rendered":"https:\/\/nvnoticias.mx\/?p=200585"},"modified":"2025-11-13T14:01:55","modified_gmt":"2025-11-13T20:01:55","slug":"fue-un-represor-sheinbaum-sobre-homenaje-a-ruben-figueroa","status":"publish","type":"post","link":"https:\/\/nvnoticias.mx\/index.php\/2025\/11\/13\/fue-un-represor-sheinbaum-sobre-homenaje-a-ruben-figueroa\/","title":{"rendered":"Fue un represor: Sheinbaum sobre homenaje a Rub\u00e9n Figueroa"},"content":{"rendered":"\n<p>La presidenta Claudia Sheinbaum Pardo se pronunci\u00f3 ayer porque el Congreso de Guerrero revise su calendario de d\u00edas c\u00edvicos, tras la pol\u00e9mica generada por el homenaje que el gobierno del estado, encabezado por la morenista Evelyn Salgado Pineda, hizo al ex mandatario Rub\u00e9n Figueroa Figueroa por su natalicio 117; fue \u201cuna persona que se caracteriz\u00f3 por la represi\u00f3n al pueblo de esa entidad, entre otras cosas\u201d, afirm\u00f3.<\/p>\n\n\n\n<p>Rub\u00e9n Figueroa fue acusado de representar el cacicazgo y represi\u00f3n de la lucha social durante la \u00e9poca conocida como la guerra sucia que se vivi\u00f3 en la entidad, de 1969 a 1979, y tambi\u00e9n de ordenar el asesinato y desaparici\u00f3n de miles de personas, sobre todo de la Costa Grande, donde operaron las guerrillas de Lucio Caba\u00f1as Barrientos y Genaro V\u00e1zquez Rojas.<\/p>\n\n\n\n<p>Al pedir su opini\u00f3n sobre el tema, en la conferencia matutina de ayer, Sheinbaum Pardo contest\u00f3: \u201cPregunt\u00e9 por qu\u00e9 hab\u00eda sido y dicen que est\u00e1 en los d\u00edas c\u00edvicos de Guerrero. Pero se conmemora a los h\u00e9roes, a las hero\u00ednas, \u00bfno?\u201d<\/p>\n\n\n\n<p>De ah\u00ed urgi\u00f3 a las autoridades locales a modificar el calendario. \u201cSe tiene que revisar si est\u00e1 en los d\u00edas c\u00edvicos esta persona, porque se caracteriz\u00f3 por la represi\u00f3n al pueblo, entre otras cosas\u2026 Es importante que el Congreso estatal revise esas fechas\u201d, indic\u00f3.<\/p>\n\n\n\n<p>Fuente: La <a href=\"https:\/\/www.jornada.com.mx\/noticia\/2025\/11\/13\/estados\/fue-un-represor-dice-sheinbaum-sobre-homenaje-a-ruben-figueroa\">Jornada<\/a><\/p>\n","protected":false},"excerpt":{"rendered":"<p>La presidenta Claudia Sheinbaum Pardo se pronunci\u00f3 ayer porque el Congreso de Guerrero revise su calendario de d\u00edas c\u00edvicos, tras la pol\u00e9mica generada por el homenaje que el gobierno del estado, encabezado por la morenista Evelyn Salgado Pineda, hizo al ex mandatario Rub\u00e9n Figueroa Figueroa por su natalicio 117; fue \u201cuna persona que se caracteriz\u00f3 [&hellip;]<\/p>\n","protected":false},"author":35,"featured_media":200589,"comment_status":"open","ping_status":"open","sticky":false,"template":"","format":"standard","meta":{"_monsterinsights_skip_tracking":false,"_monsterinsights_sitenote_active":false,"_monsterinsights_sitenote_note":"","_monsterinsights_sitenote_category":0,"footnotes":""},"categories":[157],"tags":[2801],"class_list":["post-200585","post","type-post","status-publish","format-standard","has-post-thumbnail","hentry","category-nacional","tag-claudia-sheinbaum","wp-image-borders"],"amp_enabled":true,"_links":{"self":[{"href":"https:\/\/nvnoticias.mx\/index.php\/wp-json\/wp\/v2\/posts\/200585","targetHints":{"allow":["GET"]}}],"collection":[{"href":"https:\/\/nvnoticias.mx\/index.php\/wp-json\/wp\/v2\/posts"}],"about":[{"href":"https:\/\/nvnoticias.mx\/index.php\/wp-json\/wp\/v2\/types\/post"}],"author":[{"embeddable":true,"href":"https:\/\/nvnoticias.mx\/index.php\/wp-json\/wp\/v2\/users\/35"}],"replies":[{"embeddable":true,"href":"https:\/\/nvnoticias.mx\/index.php\/wp-json\/wp\/v2\/comments?post=200585"}],"version-history":[{"count":3,"href":"https:\/\/nvnoticias.mx\/index.php\/wp-json\/wp\/v2\/posts\/200585\/revisions"}],"predecessor-version":[{"id":200588,"href":"https:\/\/nvnoticias.mx\/index.php\/wp-json\/wp\/v2\/posts\/200585\/revisions\/200588"}],"wp:featuredmedia":[{"embeddable":true,"href":"https:\/\/nvnoticias.mx\/index.php\/wp-json\/wp\/v2\/media\/200589"}],"wp:attachment":[{"href":"https:\/\/nvnoticias.mx\/index.php\/wp-json\/wp\/v2\/media?parent=200585"}],"wp:term":[{"taxonomy":"category","embeddable":true,"href":"https:\/\/nvnoticias.mx\/index.php\/wp-json\/wp\/v2\/categories?post=200585"},{"taxonomy":"post_tag","embeddable":true,"href":"https:\/\/nvnoticias.mx\/index.php\/wp-json\/wp\/v2\/tags?post=200585"}],"curies":[{"name":"wp","href":"https:\/\/api.w.org\/{rel}","templated":true}]}}