{"id":200584,"date":"2025-11-18T12:29:14","date_gmt":"2025-11-18T18:29:14","guid":{"rendered":"https:\/\/nvnoticias.mx\/?p=200584"},"modified":"2025-11-18T12:29:18","modified_gmt":"2025-11-18T18:29:18","slug":"el-informe-de-javier-herrera-en-veracruz","status":"publish","type":"post","link":"https:\/\/nvnoticias.mx\/index.php\/2025\/11\/18\/el-informe-de-javier-herrera-en-veracruz\/","title":{"rendered":"El informe de Javier Herrera en Veracruz"},"content":{"rendered":"\n<p>Por <strong>Ricardo<\/strong> <strong>Chua<\/strong><\/p>\n\n\n\n<p><\/p>\n\n\n\n<p>Este pr\u00f3ximo s\u00e1bado a las 11:00 horas en conocido hotel del municipio de Boca del R\u00edo, el diputado federal del PVEM, Javier Herrera Borunda dar\u00e1 su Primer Informe Legislativo.. Una situaci\u00f3n poco extra\u00f1a porque el Primer Informe de Gobierno de la gobernadora Roc\u00edo Nahle, ser\u00e1 el pr\u00f3ximo 30 de noviembre.. Pero conociendo como se maneja el hijo del ex gobernador Fidel Herrera Beltr\u00e1n.. Que es mucho de cuidar las formas pol\u00edticas.. Seguro pidi\u00f3 &#8220;permiso&#8221; a la mandataria estatal y lo consult\u00f3 con Palacio Nacional y debe tener el &#8220;visto bueno&#8221;.. Pero ese anuncio, ya ha dado muchas &#8220;lecturas&#8221;..<\/p>\n\n\n\n<p>Unas dicen que Herrera Borunda, es parte de la &#8220;avanzada&#8221; de la 4T en Veracruz, para quitarle espacio pol\u00edtico y medi\u00e1tico a los reclamos que pueda haber por las comparecencias en el Congreso Local, por parte de los secretarios del gabinete estatal.. Otros comentan que es para &#8220;calentar motores&#8221; por el Primer Informe de Roc\u00edo Nahle.. Ya que todos finalmente pertenecen al mismo movimiento.. Motivo por el cual, no hay problema alguno que primero sea el informe de legislador en la zona conurbada m\u00e1s poblada de Veracruz.. Cuesti\u00f3n de enfoques..<\/p>\n\n\n\n<p>Sin embargo, muchos piensan que a pesar de ser un evento totalmente &#8220;verde&#8221;.. Donde se espera la presencia de la dirigencia nacional, estatal y los &#8220;mandamases&#8221; del PVEM como el senador, Manuel Velasco Coello y muchos activos pol\u00edticos m\u00e1s.. En esencia ser\u00e1 un acto para ver la &#8220;fuerza&#8221; de Javier Herrera y qu\u00e9 alcances tiene.. Para a\u00f1os futuros en Veracruz.. Pero en muchos sectores de la 4T, sobre todo en MORENA, lo podr\u00edan ver como una &#8220;afrenta&#8221; para su coalici\u00f3n en Veracruz.. Pero habr\u00e1 que esperar para despu\u00e9s del s\u00e1bado y ver como se comportan todos..<\/p>\n\n\n\n<p>Ya que pese a que muchos lo pueden ver como una &#8220;acci\u00f3n adelantada&#8221; a la sucesi\u00f3n estatal del 2030.. Es muy claro que a\u00fan es pronto.. Y en Veracruz, no est\u00e1n las condiciones dadas para ver a un pol\u00edtico que en este momento, lo puedan ver como un aspirante fuerte para suceder a Roc\u00edo Nahle.. No es algo similar a lo que pasa con Omar Garc\u00eda Harfuch.. Adem\u00e1s a Herrera Borunda le falta a\u00fan mucho que caminar en Veracruz.. Y aunque el respaldo del legado de su difunto padre, lo tiene.. Pero en estos tiempos, ya eso no es suficiente.. Son otras las circunstancias..<\/p>\n\n\n\n<p>Adem\u00e1s as\u00ed como su pap\u00e1 fue un factor de decisi\u00f3n dentro de su partido, el PRI, para la sucesi\u00f3n del 2010.. Habr\u00e1 que ver que dice Roc\u00edo Nahle en 2029.. Y dada la apertura medi\u00e1tica que ahora est\u00e1 teniendo la gobernadora, es muy probable que hasta realice la misma acci\u00f3n que hizo Herrera Beltr\u00e1n, all\u00e1 por 2008, cuando declar\u00f3 que &#8220;el pr\u00f3ximo gobernador de Veracruz saldr\u00eda de un diputado o de un alcalde&#8221;.. Aqu\u00ed puede suceder una situaci\u00f3n similar pero con un escenario distinto.. Finalmente son 4T con 3 partidos en alianza y con una mayor\u00eda de MORENA..<\/p>\n\n\n\n<p>Por ello, la &#8220;lectura&#8221; de ese Informe de Herrera Borunda.. Dar\u00e1 mucho de qu\u00e9 hablar en d\u00edas posteriores.. Ya que el evento estar\u00e1 abarrotado de alcaldes, s\u00edndicos y regidores electos del PVEM.. Que ser\u00edan, los que podr\u00edan sostener la presencia de Javier Herrera hasta el 2029 en Veracruz.. Habr\u00e1 que ver si van legisladores federales de MORENA de Veracruz y de otros puntos del pa\u00eds.. Saber si habr\u00e1 un representante del gobierno estatal y de persones aliados a la 4T, as\u00ed como de sus partido: MORENA y PT.. Ese s\u00e1bado se despejar\u00e1 la inc\u00f3gnita..<\/p>\n\n\n\n<p>OJO lo que tambi\u00e9n quedar\u00eda claro ah\u00ed.. De acuerdo a la asistencia e inasistencia pol\u00edtica de este Primer Informe Legislativo de Herrera Borunda.. Es saber SI HAY &#8220;FRACTURA&#8221; de esta coalici\u00f3n de la 4T en Veracruz, rumbo a la elecci\u00f3n intermedia local y federal del 2027 con el PVEM.. Por aquello de las especulaciones que se han generado en la entidad, que los &#8220;Verdes&#8221; le podr\u00edan &#8220;copiar&#8221; la f\u00f3rmula al PT e ir s\u00f3lo en ese proceso electoral en dos a\u00f1os.. Y de esa manera medir\u00edan como se encuentran electoralmente para la renovaci\u00f3n estatal del 2030.. En fin, muchas aristas..<\/p>\n\n\n\n<p>Hay que recordar que Javier Herrera Borunda, es considerado el &#8220;heredero&#8221; del &#8220;testamento&#8221; pol\u00edtico de su extinto padre Fidel Herrera Beltr\u00e1n.. Los que recuerdan saben la manera, de como &#8220;El T\u00edo Fide&#8221; logr\u00f3 &#8220;colarse&#8221; en la decisi\u00f3n final, en 2024, para que el PRI lo nominara candidato a gobernador en Veracruz, por encima de muchos personajes del &#8220;alemanismo&#8221; y del centro del pa\u00eds, que se ve\u00edan con muchas m\u00e1s posibilidades que \u00e9l.. Pero con los &#8220;tama\u00f1os&#8221; bien puestos, Fidel se les &#8220;adelant\u00f3&#8221; y les gan\u00f3 a todos.. Ahora habr\u00e1 que ver los alcances de su v\u00e1stago.. Y su Informe es el comienzo..<\/p>\n\n\n\n<p>REFLEXI\u00d3N.. Hay una ventaja que, en este momento, tiene Javier Herrera Borunda.. Y habr\u00e1 que ver si esa circunstancia contin\u00faa hasta el 2029.. Que a MORENA en Veracruz, al menos, en la elecci\u00f3n local del 2027, no le conviene ir solo.. Si quiere mantener el control del Congreso Local y apuntalarse para las alcald\u00edas del 2029, debe ir al &#8220;100&#8221; con el Partido del Trabajo y con el PVEM.. Los debe convencer de no irse, de darles espacio y &#8220;juego&#8221; pol\u00edtico.. Al final todos &#8220;juegan&#8221; para Claudia Shienbaum y podr\u00edan &#8220;jugar&#8221; para Omar Garc\u00eda Harfuch..<\/p>\n\n\n\n<p>As\u00ed que actualmente, se ver\u00eda muy dif\u00edcil un reclamo o una campa\u00f1a en contra del &#8220;l\u00edder moral&#8221; de los &#8220;verdes&#8221; en Veracruz.. Adem\u00e1s que Javier Herrera, de manera pragm\u00e1tica, por el momento, est\u00e1 a la orden de Roc\u00edo Nahle.. Repetimos el evento si se realiza, es porque tiene &#8220;permiso&#8221;.. Pero tal como lo aprendi\u00f3 seguramente de su pap\u00e1, sabe bien que &#8220;para que la cu\u00f1a apriete debe ser del mismo palo&#8221;.. Javier Herrera tiene claro que con este informe.. Ya entra en Veracruz de manera directa.. De \u00e9l depende si lo aprovecha o no.. 5 a\u00f1os no es nada.. AMEN..<\/p>\n","protected":false},"excerpt":{"rendered":"<p>Por Ricardo Chua Este pr\u00f3ximo s\u00e1bado a las 11:00 horas en conocido hotel del municipio de Boca del R\u00edo, el diputado federal del PVEM, Javier Herrera Borunda dar\u00e1 su Primer Informe Legislativo.. Una situaci\u00f3n poco extra\u00f1a porque el Primer Informe de Gobierno de la gobernadora Roc\u00edo Nahle, ser\u00e1 el pr\u00f3ximo 30 de noviembre.. Pero conociendo [&hellip;]<\/p>\n","protected":false},"author":29,"featured_media":200961,"comment_status":"open","ping_status":"open","sticky":false,"template":"","format":"standard","meta":{"_monsterinsights_skip_tracking":false,"_monsterinsights_sitenote_active":false,"_monsterinsights_sitenote_note":"","_monsterinsights_sitenote_category":0,"footnotes":""},"categories":[245],"tags":[327],"class_list":["post-200584","post","type-post","status-publish","format-standard","has-post-thumbnail","hentry","category-dialogos-de-poder","tag-ricardo-chua","wp-image-borders"],"amp_enabled":true,"_links":{"self":[{"href":"https:\/\/nvnoticias.mx\/index.php\/wp-json\/wp\/v2\/posts\/200584","targetHints":{"allow":["GET"]}}],"collection":[{"href":"https:\/\/nvnoticias.mx\/index.php\/wp-json\/wp\/v2\/posts"}],"about":[{"href":"https:\/\/nvnoticias.mx\/index.php\/wp-json\/wp\/v2\/types\/post"}],"author":[{"embeddable":true,"href":"https:\/\/nvnoticias.mx\/index.php\/wp-json\/wp\/v2\/users\/29"}],"replies":[{"embeddable":true,"href":"https:\/\/nvnoticias.mx\/index.php\/wp-json\/wp\/v2\/comments?post=200584"}],"version-history":[{"count":2,"href":"https:\/\/nvnoticias.mx\/index.php\/wp-json\/wp\/v2\/posts\/200584\/revisions"}],"predecessor-version":[{"id":200962,"href":"https:\/\/nvnoticias.mx\/index.php\/wp-json\/wp\/v2\/posts\/200584\/revisions\/200962"}],"wp:featuredmedia":[{"embeddable":true,"href":"https:\/\/nvnoticias.mx\/index.php\/wp-json\/wp\/v2\/media\/200961"}],"wp:attachment":[{"href":"https:\/\/nvnoticias.mx\/index.php\/wp-json\/wp\/v2\/media?parent=200584"}],"wp:term":[{"taxonomy":"category","embeddable":true,"href":"https:\/\/nvnoticias.mx\/index.php\/wp-json\/wp\/v2\/categories?post=200584"},{"taxonomy":"post_tag","embeddable":true,"href":"https:\/\/nvnoticias.mx\/index.php\/wp-json\/wp\/v2\/tags?post=200584"}],"curies":[{"name":"wp","href":"https:\/\/api.w.org\/{rel}","templated":true}]}}