{"id":200569,"date":"2025-11-13T12:32:38","date_gmt":"2025-11-13T18:32:38","guid":{"rendered":"https:\/\/nvnoticias.mx\/?p=200569"},"modified":"2025-11-13T12:32:43","modified_gmt":"2025-11-13T18:32:43","slug":"gabinete-de-seguridad-visita-hoy-uruapan-y-morelia-en-el-marco-del-plan-de-paz-sheinbaum","status":"publish","type":"post","link":"https:\/\/nvnoticias.mx\/index.php\/2025\/11\/13\/gabinete-de-seguridad-visita-hoy-uruapan-y-morelia-en-el-marco-del-plan-de-paz-sheinbaum\/","title":{"rendered":"Gabinete de Seguridad visita hoy Uruapan y Morelia en el marco del plan de paz: Sheinbaum"},"content":{"rendered":"\n<p>Luego del arranque del Plan Michoac\u00e1n, la presidenta Claudia Sheinbaum Pardo anunci\u00f3 que hoy acudir\u00e1 el gabinete de Seguridad federal a Morelia y Uruapan, adem\u00e1s del despliegue territorial que ya realizan las Fuerzas Armadas, junto con los equipos de investigaci\u00f3n en coordinaci\u00f3n con ese estado.<\/p>\n\n\n\n<p>Durante su conferencia de prensa matutina de este jueves, recalc\u00f3 que desde la pr\u00f3xima semana se informar\u00e1 mes con mes de las acciones que se realizar\u00e1n al respecto. \u201cQue todo mundo sepa que no fue un anuncio, sino es un plan que se va a llevar a cabo\u201d, agreg\u00f3.<\/p>\n\n\n\n<p>Adem\u00e1s, tras el asesinato del alcalde de Uruapan, Carlos Manzo, dio a conocer que la actual presidenta municipal, Grecia Quiroz -viuda de Manzo- cuenta con la protecci\u00f3n de siete escoltas en el primer c\u00edrculo y 14 en el segundo c\u00edrculo, todos de la Secretar\u00eda de la Defensa Nacional. La protecci\u00f3n se realiza a petici\u00f3n de Quiroz.<\/p>\n\n\n\n<p>Momentos despu\u00e9s, consultada sobre una posible visita al estado de Michoac\u00e1n o al municipio de Uruapan, respondi\u00f3: \u201cVamos a ver, vamos a ver, pero el gobierno est\u00e1 ah\u00ed presente, el gabinete est\u00e1 hoy ah\u00ed\u201d.<\/p>\n\n\n\n<p>A la par, sobre las reuniones de gabinete que, indic\u00f3 hace unas semanas, realizar\u00e1 en los estados, aclar\u00f3 que se analiza si comenzar\u00e1n este a\u00f1o o hasta el pr\u00f3ximo.<\/p>\n\n\n\n<p>\u201cQuiero consolidar el Plan Michoac\u00e1n, voy a dedicar una parte del tiempo a eso para que tengamos el seguimiento permanente, que todas las secretar\u00edas y equipo sepan exactamente cu\u00e1nto est\u00e1n los recursos, c\u00f3mo se van a ejercer y vamos a ver si al mismo tiempo hacemos las reuniones en el pa\u00eds o ya las dejamos hasta enero\u201d, subray\u00f3 la mandataria.<\/p>\n\n\n\n<p>Fuente: La <a href=\"https:\/\/www.jornada.com.mx\/noticia\/2025\/11\/13\/politica\/gabinete-de-seguridad-supervisa-hoy-desde-morelia-y-uruapan-el-plan-michoacan\">Jornada<\/a> <\/p>\n","protected":false},"excerpt":{"rendered":"<p>Luego del arranque del Plan Michoac\u00e1n, la presidenta Claudia Sheinbaum Pardo anunci\u00f3 que hoy acudir\u00e1 el gabinete de Seguridad federal a Morelia y Uruapan, adem\u00e1s del despliegue territorial que ya realizan las Fuerzas Armadas, junto con los equipos de investigaci\u00f3n en coordinaci\u00f3n con ese estado. Durante su conferencia de prensa matutina de este jueves, recalc\u00f3 [&hellip;]<\/p>\n","protected":false},"author":35,"featured_media":200571,"comment_status":"open","ping_status":"open","sticky":false,"template":"","format":"standard","meta":{"_monsterinsights_skip_tracking":false,"_monsterinsights_sitenote_active":false,"_monsterinsights_sitenote_note":"","_monsterinsights_sitenote_category":0,"footnotes":""},"categories":[158],"tags":[2801,32556],"class_list":["post-200569","post","type-post","status-publish","format-standard","has-post-thumbnail","hentry","category-politica","tag-claudia-sheinbaum","tag-uruapan","wp-image-borders"],"amp_enabled":true,"_links":{"self":[{"href":"https:\/\/nvnoticias.mx\/index.php\/wp-json\/wp\/v2\/posts\/200569","targetHints":{"allow":["GET"]}}],"collection":[{"href":"https:\/\/nvnoticias.mx\/index.php\/wp-json\/wp\/v2\/posts"}],"about":[{"href":"https:\/\/nvnoticias.mx\/index.php\/wp-json\/wp\/v2\/types\/post"}],"author":[{"embeddable":true,"href":"https:\/\/nvnoticias.mx\/index.php\/wp-json\/wp\/v2\/users\/35"}],"replies":[{"embeddable":true,"href":"https:\/\/nvnoticias.mx\/index.php\/wp-json\/wp\/v2\/comments?post=200569"}],"version-history":[{"count":3,"href":"https:\/\/nvnoticias.mx\/index.php\/wp-json\/wp\/v2\/posts\/200569\/revisions"}],"predecessor-version":[{"id":200573,"href":"https:\/\/nvnoticias.mx\/index.php\/wp-json\/wp\/v2\/posts\/200569\/revisions\/200573"}],"wp:featuredmedia":[{"embeddable":true,"href":"https:\/\/nvnoticias.mx\/index.php\/wp-json\/wp\/v2\/media\/200571"}],"wp:attachment":[{"href":"https:\/\/nvnoticias.mx\/index.php\/wp-json\/wp\/v2\/media?parent=200569"}],"wp:term":[{"taxonomy":"category","embeddable":true,"href":"https:\/\/nvnoticias.mx\/index.php\/wp-json\/wp\/v2\/categories?post=200569"},{"taxonomy":"post_tag","embeddable":true,"href":"https:\/\/nvnoticias.mx\/index.php\/wp-json\/wp\/v2\/tags?post=200569"}],"curies":[{"name":"wp","href":"https:\/\/api.w.org\/{rel}","templated":true}]}}