{"id":200513,"date":"2025-11-13T09:58:41","date_gmt":"2025-11-13T15:58:41","guid":{"rendered":"https:\/\/nvnoticias.mx\/?p=200513"},"modified":"2025-11-13T09:58:45","modified_gmt":"2025-11-13T15:58:45","slug":"no-se-entiende-que-cnte-quiera-usar-violencia-ha-habido-dialogo-sheinbaum","status":"publish","type":"post","link":"https:\/\/nvnoticias.mx\/index.php\/2025\/11\/13\/no-se-entiende-que-cnte-quiera-usar-violencia-ha-habido-dialogo-sheinbaum\/","title":{"rendered":"No se entiende que CNTE quiera usar violencia, ha habido di\u00e1logo: Sheinbaum"},"content":{"rendered":"\n<p>Ante las protestas que iniciaron esta ma\u00f1ana integrantes de la Coordinadora Nacional de Trabajadores de la Educaci\u00f3n (CNTE), la presidenta Claudia Sheinbaum Pardo recalc\u00f3 que el gobierno federal ha tenido mesas de di\u00e1logo con el magisterio, por lo que, se\u00f1al\u00f3: \u201cNo se entiende como, si hay mesas de di\u00e1logo -incluso ha habido muchos apoyos, con maestras, maestros, a los estudiantes-, \u00bfQu\u00e9 necesidad hay de esta manifestaci\u00f3n?, adem\u00e1s, a dos d\u00edas de la manifestaci\u00f3n de la derecha\u201d.<\/p>\n\n\n\n<p>Consultada sobre las manifestaciones que esta ma\u00f1ana comenzaron integrantes de la CNTE, expuso que \u201csiempre ha habido un di\u00e1logo, hay mesas abiertas de trabajo\u201d, agreg\u00f3, al recordar que recientemente acudieron funcionarios federales para reunirse con las autoridades de Oaxaca y otras entidades.<\/p>\n\n\n\n<p>Lament\u00f3 que se quiera \u201cutilizar la violencia para llegar a Palacio Nacional\u201d, a pesar de mantenerse una&nbsp; mesa de di\u00e1logo y atenderse \u201cmuch\u00edsimas de las demandas que tienen\u201d.<\/p>\n\n\n\n<p>\u201cSi estuvieran cerradas las mesas, nos estuvi\u00e9ramos negando al di\u00e1logo, a lo mejor -nunca justificamos la violencia- pero a lo mejor una manifestaci\u00f3n aqu\u00ed en la ciudad&#8221;, dijo la mandataria.<\/p>\n\n\n\n<p>Ante la petici\u00f3n de los docentes para la derogaci\u00f3n de la Ley del ISSSTE 2007, subray\u00f3 que no hay los suficientes recursos para ello, pero se han planteado opciones y convocado para analizar las posibilidades. Record\u00f3 que, adem\u00e1s, se realizan consultas para analizar la forma de la evaluaci\u00f3n de la carrera magisterial con base en lo que definan las maestras y maestros.<\/p>\n\n\n\n<p>\u201cNo se entiende la verdad, o qu\u00e9 intereses haya, no s\u00e9\u201d, expres\u00f3.<\/p>\n\n\n\n<p>Fuente: La <a href=\"https:\/\/www.jornada.com.mx\/noticia\/2025\/11\/13\/politica\/no-se-entiende-que-cnte-quiera-usar-violencia-hay-mesas-de-dialogo-sheinbaum\">Jornada<\/a><\/p>\n","protected":false},"excerpt":{"rendered":"<p>Ante las protestas que iniciaron esta ma\u00f1ana integrantes de la Coordinadora Nacional de Trabajadores de la Educaci\u00f3n (CNTE), la presidenta Claudia Sheinbaum Pardo recalc\u00f3 que el gobierno federal ha tenido mesas de di\u00e1logo con el magisterio, por lo que, se\u00f1al\u00f3: \u201cNo se entiende como, si hay mesas de di\u00e1logo -incluso ha habido muchos apoyos, con [&hellip;]<\/p>\n","protected":false},"author":35,"featured_media":200518,"comment_status":"open","ping_status":"open","sticky":false,"template":"","format":"standard","meta":{"_monsterinsights_skip_tracking":false,"_monsterinsights_sitenote_active":false,"_monsterinsights_sitenote_note":"","_monsterinsights_sitenote_category":0,"footnotes":""},"categories":[157],"tags":[2801,2976],"class_list":["post-200513","post","type-post","status-publish","format-standard","has-post-thumbnail","hentry","category-nacional","tag-claudia-sheinbaum","tag-cnte","wp-image-borders"],"amp_enabled":true,"_links":{"self":[{"href":"https:\/\/nvnoticias.mx\/index.php\/wp-json\/wp\/v2\/posts\/200513","targetHints":{"allow":["GET"]}}],"collection":[{"href":"https:\/\/nvnoticias.mx\/index.php\/wp-json\/wp\/v2\/posts"}],"about":[{"href":"https:\/\/nvnoticias.mx\/index.php\/wp-json\/wp\/v2\/types\/post"}],"author":[{"embeddable":true,"href":"https:\/\/nvnoticias.mx\/index.php\/wp-json\/wp\/v2\/users\/35"}],"replies":[{"embeddable":true,"href":"https:\/\/nvnoticias.mx\/index.php\/wp-json\/wp\/v2\/comments?post=200513"}],"version-history":[{"count":4,"href":"https:\/\/nvnoticias.mx\/index.php\/wp-json\/wp\/v2\/posts\/200513\/revisions"}],"predecessor-version":[{"id":200517,"href":"https:\/\/nvnoticias.mx\/index.php\/wp-json\/wp\/v2\/posts\/200513\/revisions\/200517"}],"wp:featuredmedia":[{"embeddable":true,"href":"https:\/\/nvnoticias.mx\/index.php\/wp-json\/wp\/v2\/media\/200518"}],"wp:attachment":[{"href":"https:\/\/nvnoticias.mx\/index.php\/wp-json\/wp\/v2\/media?parent=200513"}],"wp:term":[{"taxonomy":"category","embeddable":true,"href":"https:\/\/nvnoticias.mx\/index.php\/wp-json\/wp\/v2\/categories?post=200513"},{"taxonomy":"post_tag","embeddable":true,"href":"https:\/\/nvnoticias.mx\/index.php\/wp-json\/wp\/v2\/tags?post=200513"}],"curies":[{"name":"wp","href":"https:\/\/api.w.org\/{rel}","templated":true}]}}