{"id":200504,"date":"2025-11-13T09:43:39","date_gmt":"2025-11-13T15:43:39","guid":{"rendered":"https:\/\/nvnoticias.mx\/?p=200504"},"modified":"2025-11-13T09:43:44","modified_gmt":"2025-11-13T15:43:44","slug":"harfuch-y-sus-coyunturas","status":"publish","type":"post","link":"https:\/\/nvnoticias.mx\/index.php\/2025\/11\/13\/harfuch-y-sus-coyunturas\/","title":{"rendered":"Harfuch y sus coyunturas"},"content":{"rendered":"\n<p>Por <strong>Ricardo Chua <\/strong><\/p>\n\n\n\n<p>Despu\u00e9s de que en el &#8220;c\u00edrculo rojo&#8221; del poder pol\u00edtico en M\u00e9xico.. Auguraban &#8220;tardes negras&#8221; para el secretario de Seguridad P\u00fablica federal, Omar Garc\u00eda Harfuch, luego del crimen del alcalde de Uruapan, Michoac\u00e1n, Carlos Manzo, asesinato que conmoncion\u00f3 a todo el pa\u00eds.. Y que este asunto har\u00eda que la figura del titular de la SSP federal, cayera en las encuestas y por lo cual bajar\u00eda de ser el funcionario mejor posicionado junto con la Presidenta Claudia Shienbaum del gobierno federal.. Pero no sucedi\u00f3 as\u00ed.. Pas\u00f3 todo lo contrario..<\/p>\n\n\n\n<p>Ya que cuando todos pensaron que Harfuch, se iba a replegar en su secretaria para desde ah\u00ed, seguir coordinando los temas de seguridad del gobierno de Shienbaum.. Por el presunto temor al &#8220;golpeteo&#8221; pol\u00edtico a su figura y a su dependencia por los reclamos que har\u00edan por la muerte de Carlos Manzo.. No fue as\u00ed, al contrario, Harfuch dio la cara, acudi\u00f3 a las conferencias, sigui\u00f3 enfrentando los temas de su encargo, implement\u00f3 nuevos operativos de seguridad, dio &#8220;golpes&#8221; a presuntos grupos delincuenciales y se puso a trabajar de manos de la Fiscal\u00eda General de la Rep\u00fablica (FGR)..<\/p>\n\n\n\n<p>Es decir, Harfuch sali\u00f3 a responder todos los reclamos por el tema de inseguridad y el crimen de Manzo.. Y el titular de la SSP federal, es una de las piezas claves del programa del &#8220;Rescate de Michoac\u00e1n&#8221;.. En pocas palabras, no se &#8220;raj\u00f3&#8221; y tampoco dio la &#8220;espalda&#8221;.. Sigui\u00f3 trabajando en estos asuntos de la mano de las otras instituciones federales, que est\u00e1n en la Mesa de Seguridad de Palacio Nacional.. Ah\u00ed los ataques e insidias en su contra empezaron a bajar y al paso de una semana.. Sigue pendiente de lo que pasa en Michoac\u00e1n y en todo el pa\u00eds..<\/p>\n\n\n\n<p>Garc\u00eda Harfuch sigue siendo ya una especie de &#8220;palad\u00edn&#8221; de la justicia mexicana.. El crimen de Carlos Manzo iba a ser la prueba m\u00e1s dif\u00edcil de superar en su \u00e1rea de trabajo.. Ya las investigaciones van avanzadas y \u00e9l en las &#8220;Ma\u00f1aneras&#8221; se ha encargado de dar los avances..En pocas palabras, ese caso no le hizo da\u00f1o en su figura pol\u00edtica al interior de la 4T.. Lo cual seguramente se ver\u00e1 reflejado en las encuestas de noviembre.. Ah\u00ed se ver\u00e1 la realidad de Harfuch.. Pero de que sigue siendo el funcionario m\u00e1s fuerte de Shienbaum.. Eso no ha cambiado, lo es..<\/p>\n\n\n\n<p>Los dados por este personaje del gobierno federal, desde el caso de &#8220;La Barredora&#8221; en Tabasco, el &#8220;huachicol&#8221; fiscal, el desmantelamiento de las bandas delictivas en diversos puntos del pa\u00eds.. As\u00ed como otros asuntos m\u00e1s.. Lo siguen teniendo como el funcionario de MORENA m\u00e1s aceptado por la opini\u00f3n p\u00fablica nacional.. Por eso contin\u00faa como el aspirante y Presidenciable del gabinete federal m\u00e1s fuerte al 2030.. No ha encontrado &#8220;barrera&#8221; alguna para no seguir en ese camino.. Y ah\u00ed se mantiene..<\/p>\n\n\n\n<p>Por eso, Harfuch se sigue manteniendo en el escenario pol\u00edtico nacional, como el personaje m\u00e1s fuerte al interior de MORENA, y eso lo dejar\u00eda como el &#8220;heredero&#8221; del &#8220;Morenismo&#8221; en M\u00e9xico.. Por ello, muchos al interior del sistema pol\u00edtico mexicano.. Consideran que el aspirante Presidencial en 2030, al menos de Claudia Shienbaum, es Omar Garc\u00eda Harfuch para conseguir esta candidatura.. Aunque se insiste que deber\u00e1 &#8220;resistir&#8221; las &#8220;estocadas&#8221; al interior de MORENA durante estos 5 a\u00f1os que faltan..<\/p>\n\n\n\n<p>Ya que la labor realizada por \u00e9l dentro de la SSP federal, est\u00e1 afectando a muchos intereses al interior de MORENA y sobre todo de personajes que fueron poderosos en el pasado sexenio Presidencial.. Y es evidente la labor que realiza de &#8220;limpiar&#8221; al actual gobierno federal, de todo lo que &#8220;huela&#8221; al pasado inmediato.. Por ello, es que trae un &#8220;pleito cantado&#8221; con todos los &#8220;Obradoristas&#8221; tanto del gobierno, como gobernadores y poderosos ex funcionarios y empresarios..,<\/p>\n\n\n\n<p>Lo que le sigue ayudando es su formaci\u00f3n profesional.. Ya que la opini\u00f3n p\u00fablica nacional, NO QUIERE a un personaje que sea 100 por ciento de MORENA o que represente un &#8220;morenismo&#8221; recalcitrante y radical.. Harfuch no lo es, por lo que se puede decir, que \u00e9l representa esa moderaci\u00f3n pol\u00edtica de un funcionario del actual gobierno, de que no es 100 por ciento un &#8220;Moreno&#8221; radical.. Y esa imagen es la que hace que sea aceptado entre la ciudadan\u00eda.. Por algo en los sondeos se mantiene con n\u00fameros altos en cuesti\u00f3n de aprobaci\u00f3n en su labor como funcionario p\u00fablico..<\/p>\n\n\n\n<p>As\u00ed que si contin\u00faa actuando con sobriedad pol\u00edtica.. Aplicando la estrategia de seguridad para darle paz a este pa\u00eds.. Adem\u00e1s de reunirse con gobernadores, diputados y senadores de oposici\u00f3n para atender la temas de seguridad en los estados del pa\u00eds.. Todo lo que haga le est\u00e1 dando una buena proyecci\u00f3n a su imagen.. Le redit\u00faa.. Ya que contin\u00faa con la fuerza que ya tra\u00eda desde que era funcionario del gobierno de la CDMX.. Harfuch sabe bien que no debe dejar de posicionarse ante la opini\u00f3n p\u00fablica.. LO DEM\u00c1S SE VUELVE HISTORIA.. AMEN..<\/p>\n","protected":false},"excerpt":{"rendered":"<p>Por Ricardo Chua Despu\u00e9s de que en el &#8220;c\u00edrculo rojo&#8221; del poder pol\u00edtico en M\u00e9xico.. Auguraban &#8220;tardes negras&#8221; para el secretario de Seguridad P\u00fablica federal, Omar Garc\u00eda Harfuch, luego del crimen del alcalde de Uruapan, Michoac\u00e1n, Carlos Manzo, asesinato que conmoncion\u00f3 a todo el pa\u00eds.. Y que este asunto har\u00eda que la figura del titular [&hellip;]<\/p>\n","protected":false},"author":35,"featured_media":200505,"comment_status":"open","ping_status":"open","sticky":false,"template":"","format":"standard","meta":{"_monsterinsights_skip_tracking":false,"_monsterinsights_sitenote_active":false,"_monsterinsights_sitenote_note":"","_monsterinsights_sitenote_category":0,"footnotes":""},"categories":[245],"tags":[32231],"class_list":["post-200504","post","type-post","status-publish","format-standard","has-post-thumbnail","hentry","category-dialogos-de-poder","tag-ricardo-chuaa","wp-image-borders"],"amp_enabled":true,"_links":{"self":[{"href":"https:\/\/nvnoticias.mx\/index.php\/wp-json\/wp\/v2\/posts\/200504","targetHints":{"allow":["GET"]}}],"collection":[{"href":"https:\/\/nvnoticias.mx\/index.php\/wp-json\/wp\/v2\/posts"}],"about":[{"href":"https:\/\/nvnoticias.mx\/index.php\/wp-json\/wp\/v2\/types\/post"}],"author":[{"embeddable":true,"href":"https:\/\/nvnoticias.mx\/index.php\/wp-json\/wp\/v2\/users\/35"}],"replies":[{"embeddable":true,"href":"https:\/\/nvnoticias.mx\/index.php\/wp-json\/wp\/v2\/comments?post=200504"}],"version-history":[{"count":1,"href":"https:\/\/nvnoticias.mx\/index.php\/wp-json\/wp\/v2\/posts\/200504\/revisions"}],"predecessor-version":[{"id":200506,"href":"https:\/\/nvnoticias.mx\/index.php\/wp-json\/wp\/v2\/posts\/200504\/revisions\/200506"}],"wp:featuredmedia":[{"embeddable":true,"href":"https:\/\/nvnoticias.mx\/index.php\/wp-json\/wp\/v2\/media\/200505"}],"wp:attachment":[{"href":"https:\/\/nvnoticias.mx\/index.php\/wp-json\/wp\/v2\/media?parent=200504"}],"wp:term":[{"taxonomy":"category","embeddable":true,"href":"https:\/\/nvnoticias.mx\/index.php\/wp-json\/wp\/v2\/categories?post=200504"},{"taxonomy":"post_tag","embeddable":true,"href":"https:\/\/nvnoticias.mx\/index.php\/wp-json\/wp\/v2\/tags?post=200504"}],"curies":[{"name":"wp","href":"https:\/\/api.w.org\/{rel}","templated":true}]}}