{"id":200465,"date":"2025-11-12T15:02:58","date_gmt":"2025-11-12T21:02:58","guid":{"rendered":"https:\/\/nvnoticias.mx\/?p=200465"},"modified":"2025-11-12T15:03:03","modified_gmt":"2025-11-12T21:03:03","slug":"cancilleres-del-g7-buscan-fortalecer-esfuerzo-belico-ucranio-contra-rusia","status":"publish","type":"post","link":"https:\/\/nvnoticias.mx\/index.php\/2025\/11\/12\/cancilleres-del-g7-buscan-fortalecer-esfuerzo-belico-ucranio-contra-rusia\/","title":{"rendered":"Cancilleres del G7 buscan fortalecer esfuerzo b\u00e9lico ucranio contra Rusia"},"content":{"rendered":"\n<p>Los cancilleres del G7 buscan este mi\u00e9rcoles fortalecer el esfuerzo b\u00e9lico de Ucrania contra Rusia, en el segundo d\u00eda de una cumbre en Canad\u00e1, que anunci\u00f3 nuevas sanciones contra la producci\u00f3n rusa energ\u00e9tica y de drones.<\/p>\n\n\n\n<p>Los jefes de la diplomacia de los pa\u00edses del G7 -Alemania, Canad\u00e1, Estados Unidos, Francia, Italia, Jap\u00f3n y Reino Unido- se re\u00fanen desde el martes en la ciudad de Niagara-on-the-Lake con foco en la guerra en Ucrania y en Sud\u00e1n.<\/p>\n\n\n\n<p>El ministro ucranio de Relaciones Exteriores, Andrii Sibiga, invitado a la cita, expres\u00f3 durante el encuentro este mi\u00e9rcoles que es necesario fortalecer las &#8220;capacidades de largo alcance&#8221; de Kiev.<\/p>\n\n\n\n<p>El presidente ruso Vladimir Putin &#8220;todav\u00eda tiene la ilusi\u00f3n de que puede ganar&#8221;, dijo Sibiga junto a su hom\u00f3loga de Canad\u00e1, Anita Anand.<\/p>\n\n\n\n<p>&#8220;En realidad ha perdido m\u00e1s de un mill\u00f3n de soldados y no ha alcanzado ni una sola meta estrat\u00e9gica&#8221;, agreg\u00f3 el diplom\u00e1tico.<\/p>\n\n\n\n<p>Agreg\u00f3 que &#8220;debemos hacer que el costo de continuar esta guerra sea insoportable y peligroso para Putin personalmente y para su r\u00e9gimen&#8221;.<\/p>\n\n\n\n<p>Fuente: La <a href=\"https:\/\/www.jornada.com.mx\/noticia\/2025\/11\/12\/mundo\/cumbre-del-g7-aborda-esfuerzo-belico-ucranio-en-guerra-contra-rusia\">Jornada<\/a><\/p>\n\n\n\n<p><\/p>\n","protected":false},"excerpt":{"rendered":"<p>Los cancilleres del G7 buscan este mi\u00e9rcoles fortalecer el esfuerzo b\u00e9lico de Ucrania contra Rusia, en el segundo d\u00eda de una cumbre en Canad\u00e1, que anunci\u00f3 nuevas sanciones contra la producci\u00f3n rusa energ\u00e9tica y de drones. Los jefes de la diplomacia de los pa\u00edses del G7 -Alemania, Canad\u00e1, Estados Unidos, Francia, Italia, Jap\u00f3n y Reino [&hellip;]<\/p>\n","protected":false},"author":35,"featured_media":200469,"comment_status":"open","ping_status":"open","sticky":false,"template":"","format":"standard","meta":{"_monsterinsights_skip_tracking":false,"_monsterinsights_sitenote_active":false,"_monsterinsights_sitenote_note":"","_monsterinsights_sitenote_category":0,"footnotes":""},"categories":[181],"tags":[4340,537],"class_list":["post-200465","post","type-post","status-publish","format-standard","has-post-thumbnail","hentry","category-internacional","tag-g7","tag-rusia","wp-image-borders"],"amp_enabled":true,"_links":{"self":[{"href":"https:\/\/nvnoticias.mx\/index.php\/wp-json\/wp\/v2\/posts\/200465","targetHints":{"allow":["GET"]}}],"collection":[{"href":"https:\/\/nvnoticias.mx\/index.php\/wp-json\/wp\/v2\/posts"}],"about":[{"href":"https:\/\/nvnoticias.mx\/index.php\/wp-json\/wp\/v2\/types\/post"}],"author":[{"embeddable":true,"href":"https:\/\/nvnoticias.mx\/index.php\/wp-json\/wp\/v2\/users\/35"}],"replies":[{"embeddable":true,"href":"https:\/\/nvnoticias.mx\/index.php\/wp-json\/wp\/v2\/comments?post=200465"}],"version-history":[{"count":4,"href":"https:\/\/nvnoticias.mx\/index.php\/wp-json\/wp\/v2\/posts\/200465\/revisions"}],"predecessor-version":[{"id":200470,"href":"https:\/\/nvnoticias.mx\/index.php\/wp-json\/wp\/v2\/posts\/200465\/revisions\/200470"}],"wp:featuredmedia":[{"embeddable":true,"href":"https:\/\/nvnoticias.mx\/index.php\/wp-json\/wp\/v2\/media\/200469"}],"wp:attachment":[{"href":"https:\/\/nvnoticias.mx\/index.php\/wp-json\/wp\/v2\/media?parent=200465"}],"wp:term":[{"taxonomy":"category","embeddable":true,"href":"https:\/\/nvnoticias.mx\/index.php\/wp-json\/wp\/v2\/categories?post=200465"},{"taxonomy":"post_tag","embeddable":true,"href":"https:\/\/nvnoticias.mx\/index.php\/wp-json\/wp\/v2\/tags?post=200465"}],"curies":[{"name":"wp","href":"https:\/\/api.w.org\/{rel}","templated":true}]}}