{"id":200376,"date":"2025-11-12T10:02:14","date_gmt":"2025-11-12T16:02:14","guid":{"rendered":"https:\/\/nvnoticias.mx\/?p=200376"},"modified":"2025-11-12T10:02:20","modified_gmt":"2025-11-12T16:02:20","slug":"el-pvem-de-javier-y-edgard-herrera-en-veracruz","status":"publish","type":"post","link":"https:\/\/nvnoticias.mx\/index.php\/2025\/11\/12\/el-pvem-de-javier-y-edgard-herrera-en-veracruz\/","title":{"rendered":"El PVEM de Javier y Edgard Herrera en Veracruz"},"content":{"rendered":"\n<p><\/p>\n\n\n\n<figure class=\"wp-block-pullquote\"><blockquote><p><strong>Ricardo Chua<\/strong><\/p><\/blockquote><\/figure>\n\n\n\n<p>Desde hace unas semanas, ya a nadie del movimiento de la 4T en Veracruz, le quedaba duda, que los &#8220;herederos&#8221; pol\u00edticos del ex gobernador, Fidel Herrera Beltr\u00e1n.. Se convirtieron ya en los nuevos y \u00fanicos mandamases del Partido Verde Ecologista de M\u00e9xico en la entidad.. Los primos Herrera: Javier Herrera Borunda, hijo del ex mandatario estatal y Edgar Herrera Lendechy, sobrino del T\u00edo Fide y primo hermano de Javier.. Ya son los personajes que manejan este organismo pol\u00edtico.. Sin intermediarios y uno que otro &#8220;estorbo&#8221;..<\/p>\n\n\n\n<p>Finalmente, la familia del creador de la &#8220;Fidelidad&#8221; tiene ya el manejo de uno de los 5 partidos pol\u00edticos m\u00e1s poderosos en Veracruz. Tal como en su momento, Herrera Beltr\u00e1n tuvo en Veracruz en la &#8220;plenitud del pinche poder&#8221; el manejo del PRI, que le permiti\u00f3 colocar a su sucesor y hacerlo ganar en 2010 como lo fue en la persona de Javier Duarte.. Ahora 21 a\u00f1os despu\u00e9s de que el &#8220;T\u00edo Fide&#8221; lleg\u00f3 al poder en Veracruz.. La franquicia del PVEM ya est\u00e1 en manos de su familia.. Javier y Edgar, los primos &#8220;verdes&#8221;..<\/p>\n\n\n\n<p>Sin duda, estos dos personajes tendr\u00e1n que echarle m\u00e1s que &#8220;muchas ganas&#8221; porque las comparaciones no tardar\u00e1n en llegar.. De como manejar\u00e1n el PVEM en Veracruz compar\u00e1ndolo con el PRI veracruzano de la &#8220;Fidelidad&#8221;.. Sin embargo, son otros tiempos y otras coyunturas.. Mientras que Fidel fue el gobernador y tuvo todo el control de un Estado.. Javier y Edgar s\u00f3lo manejan un partido aliado en la 4T, donde la estrella sigue y seguir\u00e1 siendo MORENA hasta el 2030.. Por lo tanto esa comparaci\u00f3n es poco probable.. No son las mismas condiciones..<\/p>\n\n\n\n<p>Pero lo que s\u00ed tendr\u00e1n que hacer como l\u00edderes del PVEM en Veracruz, si se quedan en alianza con MORENA, es buscar mantener el poder pol\u00edtico en la entidad de este movimiento de la 4T.. Al menos, buscar que el &#8220;Verde&#8221; sea ese partido del &#8220;equilibrio&#8221; pol\u00edtico de esa coalici\u00f3n porque est\u00e1 descartado, que el PT regrese a esa alianza.. As\u00ed que al PVEM le quedar\u00e1 fortalecerse con MORENA para que en 2027 en la elecci\u00f3n intermedia, contin\u00faen siendo esos partidos &#8220;hegem\u00f3nicos&#8221; en la entidad..<\/p>\n\n\n\n<p>Ya que de no hacerlo, la oposici\u00f3n aunque est\u00e9 dividida.. Le podr\u00edan hacer muchos &#8220;boquetes&#8221; a esa coalici\u00f3n y ah\u00ed saldr\u00edan perdiendo todos ellos.. Sobre todo con Movimiento Ciudadano, que es el partido de &#8220;moda&#8221; en M\u00e9xico.. Por ello, el PVEM tendr\u00eda que ser el partido &#8220;bisagra&#8221; para cerrar esa &#8220;puerta&#8221;.. Y permitir quedarse con el poder por parte del movimiento de la 4T..Tal como ha pasado desde 2018 en Veracruz.. Esa ser\u00e1 la tarea de esta generaci\u00f3n de Herrera, ahora con ese partido en sus manos..<\/p>\n\n\n\n<p>La ventaja que tiene Javier Herrera es que \u00e9l cuenta con todo el apoyo de Manuel Velasco Coello, el l\u00edder moral del PVEM en M\u00e9xico.. &#8220;El G\u00fcero&#8221; Velasco tiene la cercan\u00eda necesaria con Claudia Sheinbaum.. Es uno de sus operadores en el Senado.. Y el chiapaneco, le ha permitido a Javier Herrera entablar una relaci\u00f3n directa con la Presidenta.. Es decir, Herrera Borunda habla y acuerda con ella..Y eso ya es una gran ventaja.. Ya que su \u00fanico intermediario con ella es Manuel Velasco y nadie m\u00e1s..<\/p>\n\n\n\n<p>Mientras que Edgar Herrera en Veracruz, cuenta con la confianza y el respaldo de su primo Javier Herrera.. Edgar aguant\u00f3 todo lo que tuvo que aguantar, mientras Marcelo Ruiz estaba en la presidencia del PVEM.. Lo tuvo que respaldar aunque no estuviera de acuerdo en las tomas de decisiones.. Y ah\u00ed se la llev\u00f3 de manera discreta.. Ahora que est\u00e1 al frente del PVEM y sin ninguna &#8220;sombra&#8221; a su alrededor, las cosas tienen que hacerlas m\u00e1s distintas.. Quitarle la imagen al PVEM de ser un partido &#8220;sat\u00e9lite&#8221; de MORENA.. Y no permitir que lo hagan a un lado en las decisiones del movimiento.. AMEN..<\/p>\n\n\n\n<p>LA LABOR DE ESTEBAN BAUTISTA..<\/p>\n\n\n\n<p>El personaje que est\u00e1 operando de manera muy discreta, que ha mantenido el orden, sin esc\u00e1ndalos pol\u00edticos o medi\u00e1ticos.. Y que adem\u00e1s le ha dado tiempos de gobernabilidad al Congreso del Estado.. Y que desde ah\u00ed le da resultados a la 4T.. Lo cual ha sido un &#8220;respiro&#8221; y una preocupaci\u00f3n menos para el gobierno estatal de Roc\u00edo Nahle porque se ha podido avanzar en el trabajo y no detenerse en &#8220;grillas&#8221;.. Ha sido, sin duda, el diputado local y presidente de la Junta de Coordinaci\u00f3n Pol\u00edtica de la Legislatura Local, Esteban Bautista Hern\u00e1ndez..<\/p>\n\n\n\n<p>Ahora anda inmerso en el tema de la capacitaci\u00f3n de los alcaldes electos junto con el ORFIS.. Para explicar los temas financieros que tendr\u00e1n que manejar a partir del 1 de enero pr\u00f3ximo, que toman el poder en los municipios veracruzanos.. Bautista ha estado muy atento a este tema y ha tenido cercan\u00eda con los alcaldes aliados de la 4T y de la oposici\u00f3n, que se han acercado a \u00e9l para empezar a tomar acuerdos ahora que inicien sus funciones.. En pocas palabras, se est\u00e1n conociendo todos y Bautista est\u00e1 muy accesible con todos.. Sin poner colores o siglas partidistas por delante..<\/p>\n\n\n\n<p>Adem\u00e1s ahora tambi\u00e9n habr\u00e1 m\u00e1s orden en el temas de las comparecencia de los secretarios del gobierno estatal en el Congreso del Estado.. Ya que s\u00f3lo habr\u00e1 una pregunta por bancada legislativa, con eso se evitar\u00e1 que muchas de estas comparecencias, sean &#8220;kilom\u00e9tricas&#8221; y se enfoquen m\u00e1s a los temas que maneja cada dependencia estatal.. Y se evita que todo esto se vuelva un enfrentamiento pol\u00edtico y medi\u00e1tico, que al final, no deje claro el manejo de los titulares de despacho y estas secretar\u00edas.. Esto fue una negociaci\u00f3n de Esteban Bautista con los dem\u00e1s diputados locales.. AMEN..<\/p>\n","protected":false},"excerpt":{"rendered":"<p>Ricardo Chua Desde hace unas semanas, ya a nadie del movimiento de la 4T en Veracruz, le quedaba duda, que los &#8220;herederos&#8221; pol\u00edticos del ex gobernador, Fidel Herrera Beltr\u00e1n.. Se convirtieron ya en los nuevos y \u00fanicos mandamases del Partido Verde Ecologista de M\u00e9xico en la entidad.. Los primos Herrera: Javier Herrera Borunda, hijo del [&hellip;]<\/p>\n","protected":false},"author":29,"featured_media":200377,"comment_status":"open","ping_status":"open","sticky":false,"template":"","format":"standard","meta":{"_monsterinsights_skip_tracking":false,"_monsterinsights_sitenote_active":false,"_monsterinsights_sitenote_note":"","_monsterinsights_sitenote_category":0,"footnotes":""},"categories":[245],"tags":[327],"class_list":["post-200376","post","type-post","status-publish","format-standard","has-post-thumbnail","hentry","category-dialogos-de-poder","tag-ricardo-chua","wp-image-borders"],"amp_enabled":true,"_links":{"self":[{"href":"https:\/\/nvnoticias.mx\/index.php\/wp-json\/wp\/v2\/posts\/200376","targetHints":{"allow":["GET"]}}],"collection":[{"href":"https:\/\/nvnoticias.mx\/index.php\/wp-json\/wp\/v2\/posts"}],"about":[{"href":"https:\/\/nvnoticias.mx\/index.php\/wp-json\/wp\/v2\/types\/post"}],"author":[{"embeddable":true,"href":"https:\/\/nvnoticias.mx\/index.php\/wp-json\/wp\/v2\/users\/29"}],"replies":[{"embeddable":true,"href":"https:\/\/nvnoticias.mx\/index.php\/wp-json\/wp\/v2\/comments?post=200376"}],"version-history":[{"count":2,"href":"https:\/\/nvnoticias.mx\/index.php\/wp-json\/wp\/v2\/posts\/200376\/revisions"}],"predecessor-version":[{"id":200379,"href":"https:\/\/nvnoticias.mx\/index.php\/wp-json\/wp\/v2\/posts\/200376\/revisions\/200379"}],"wp:featuredmedia":[{"embeddable":true,"href":"https:\/\/nvnoticias.mx\/index.php\/wp-json\/wp\/v2\/media\/200377"}],"wp:attachment":[{"href":"https:\/\/nvnoticias.mx\/index.php\/wp-json\/wp\/v2\/media?parent=200376"}],"wp:term":[{"taxonomy":"category","embeddable":true,"href":"https:\/\/nvnoticias.mx\/index.php\/wp-json\/wp\/v2\/categories?post=200376"},{"taxonomy":"post_tag","embeddable":true,"href":"https:\/\/nvnoticias.mx\/index.php\/wp-json\/wp\/v2\/tags?post=200376"}],"curies":[{"name":"wp","href":"https:\/\/api.w.org\/{rel}","templated":true}]}}