{"id":200247,"date":"2025-11-10T15:29:25","date_gmt":"2025-11-10T21:29:25","guid":{"rendered":"https:\/\/nvnoticias.mx\/?p=200247"},"modified":"2025-11-10T15:31:55","modified_gmt":"2025-11-10T21:31:55","slug":"jaime-lozano-deja-de-ser-tecnico-del-pachuca-a-dos-dias-del-play-in","status":"publish","type":"post","link":"https:\/\/nvnoticias.mx\/index.php\/2025\/11\/10\/jaime-lozano-deja-de-ser-tecnico-del-pachuca-a-dos-dias-del-play-in\/","title":{"rendered":"Jaime Lozano deja de ser t\u00e9cnico del Pachuca pese a estar en play in"},"content":{"rendered":"\n<p><\/p>\n\n\n\n<p><strong>Jaime Lozano<\/strong>&nbsp;no tuvo una buena fase regular al frente del&nbsp;<strong>Pachuca,&nbsp;<\/strong>el equipo cay\u00f3 ante Santos en la jornada 17 de la Liga MX y dej\u00f3 escapar la posibilidad de finalizar en el s\u00e9ptimo lugar, lo que le habr\u00eda otorgado la ventaja de jugar en casa durante todo el play-in. Con ese resultado, los Tuzos terminaron novenos y enfrentar\u00e1n a Pumas en la reclasificaci\u00f3n.<\/p>\n\n\n\n<p>Tras un balance de&nbsp;<strong>seis victorias<\/strong>,&nbsp;<strong>cuatro empates<\/strong>&nbsp;y<strong>&nbsp;siete derrotas<\/strong>, la&nbsp;<strong>directiva&nbsp;<\/strong>habr\u00eda tomado la decisi\u00f3n de&nbsp;<strong>prescindir<\/strong>&nbsp;de los servicios&nbsp;<strong>de Lozano<\/strong>&nbsp;como director t\u00e9cnico, a&nbsp;<strong>pocos d\u00edas&nbsp;<\/strong>de<strong>&nbsp;disputar<\/strong>&nbsp;el&nbsp;<strong>duelo clave<\/strong>&nbsp;ante el&nbsp;<strong>conjunto universitario<\/strong>, de acuerdo al periodista Paco Vela.<\/p>\n\n\n\n<p><strong>Pachuca<\/strong>\u00a0recibir\u00e1 a\u00a0<strong>Pumas<\/strong>\u00a0en el<strong>\u00a0Estadio Hidalgo<\/strong>\u00a0en la\u00a0<strong>primera fase del play in,<\/strong>\u00a0y el ganador avanzar\u00e1 al partido definitivo donde enfrentar\u00e1 al perdedor del encuentro entre Xolos y Ju\u00e1rez, para definir al equipo que acceder\u00e1 a la\u00a0<strong>liguilla\u00a0<\/strong>como octavo lugar.<\/p>\n","protected":false},"excerpt":{"rendered":"<p>Jaime Lozano&nbsp;no tuvo una buena fase regular al frente del&nbsp;Pachuca,&nbsp;el equipo cay\u00f3 ante Santos en la jornada 17 de la Liga MX y dej\u00f3 escapar la posibilidad de finalizar en el s\u00e9ptimo lugar, lo que le habr\u00eda otorgado la ventaja de jugar en casa durante todo el play-in. Con ese resultado, los Tuzos terminaron novenos [&hellip;]<\/p>\n","protected":false},"author":8,"featured_media":200248,"comment_status":"open","ping_status":"open","sticky":false,"template":"","format":"standard","meta":{"_monsterinsights_skip_tracking":false,"_monsterinsights_sitenote_active":false,"_monsterinsights_sitenote_note":"","_monsterinsights_sitenote_category":0,"footnotes":""},"categories":[159],"tags":[20065,3319],"class_list":["post-200247","post","type-post","status-publish","format-standard","has-post-thumbnail","hentry","category-deportes","tag-jaime-lozano","tag-pachuca","wp-image-borders"],"amp_enabled":true,"_links":{"self":[{"href":"https:\/\/nvnoticias.mx\/index.php\/wp-json\/wp\/v2\/posts\/200247","targetHints":{"allow":["GET"]}}],"collection":[{"href":"https:\/\/nvnoticias.mx\/index.php\/wp-json\/wp\/v2\/posts"}],"about":[{"href":"https:\/\/nvnoticias.mx\/index.php\/wp-json\/wp\/v2\/types\/post"}],"author":[{"embeddable":true,"href":"https:\/\/nvnoticias.mx\/index.php\/wp-json\/wp\/v2\/users\/8"}],"replies":[{"embeddable":true,"href":"https:\/\/nvnoticias.mx\/index.php\/wp-json\/wp\/v2\/comments?post=200247"}],"version-history":[{"count":2,"href":"https:\/\/nvnoticias.mx\/index.php\/wp-json\/wp\/v2\/posts\/200247\/revisions"}],"predecessor-version":[{"id":200250,"href":"https:\/\/nvnoticias.mx\/index.php\/wp-json\/wp\/v2\/posts\/200247\/revisions\/200250"}],"wp:featuredmedia":[{"embeddable":true,"href":"https:\/\/nvnoticias.mx\/index.php\/wp-json\/wp\/v2\/media\/200248"}],"wp:attachment":[{"href":"https:\/\/nvnoticias.mx\/index.php\/wp-json\/wp\/v2\/media?parent=200247"}],"wp:term":[{"taxonomy":"category","embeddable":true,"href":"https:\/\/nvnoticias.mx\/index.php\/wp-json\/wp\/v2\/categories?post=200247"},{"taxonomy":"post_tag","embeddable":true,"href":"https:\/\/nvnoticias.mx\/index.php\/wp-json\/wp\/v2\/tags?post=200247"}],"curies":[{"name":"wp","href":"https:\/\/api.w.org\/{rel}","templated":true}]}}