{"id":200244,"date":"2025-11-10T15:25:19","date_gmt":"2025-11-10T21:25:19","guid":{"rendered":"https:\/\/nvnoticias.mx\/?p=200244"},"modified":"2025-11-10T15:25:23","modified_gmt":"2025-11-10T21:25:23","slug":"jose-juan-macias-sufre-nuevamente-ruptura-de-ligamentos","status":"publish","type":"post","link":"https:\/\/nvnoticias.mx\/index.php\/2025\/11\/10\/jose-juan-macias-sufre-nuevamente-ruptura-de-ligamentos\/","title":{"rendered":"Jos\u00e9 Juan Mac\u00edas sufre nuevamente ruptura de ligamentos"},"content":{"rendered":"\n<p><\/p>\n\n\n\n<p>El futbolista de los Pumas UNAM, Jos\u00e9 Juan Mac\u00edas tendr\u00e1 que ser intervenido luego de sufrir una nueva rotura de ligamentos tras el partido disputado ante Cruz Azul en la jornada 17.<\/p>\n\n\n\n<p>A trav\u00e9s de un comunicado, el conjunto universitario inform\u00f3 que Mac\u00edas presenta una ruptura completa de ligamento cruzado anterior, ruptura de ligamento colateral medial y ruptura de menisco medial.<\/p>\n\n\n\n<p>El delantero de&nbsp;<strong>26 a\u00f1os<\/strong>&nbsp;tendr\u00e1 que pasar por el&nbsp;<strong>quir\u00f3fano<\/strong>&nbsp;para despu\u00e9s comenzar su proceso de&nbsp;<strong>rehabilitaci\u00f3n<\/strong>, el cual tiene un tiempo estimado de&nbsp;<strong>9 a 12 meses<\/strong>.<\/p>\n\n\n\n<p>Cabe destacar que es la&nbsp;<strong>tercera lesi\u00f3n<\/strong>&nbsp;que el futbolista sufre de&nbsp;<strong>ligamentos<\/strong>, pues ya se hab\u00eda lesionado con anterioridad de lo mismo cuando defend\u00eda la camiseta de&nbsp;<strong>Chivas<\/strong>.<\/p>\n\n\n\n<p>Incluso, su proceso de recuperaci\u00f3n fue tard\u00edo, por lo que hab\u00eda decidido&nbsp;<strong>retirarse de las canchas<\/strong>, pero decidi\u00f3 volver tras recibir una oportunidad de&nbsp;<strong>Pumas<\/strong>&nbsp;en el presente torneo.<\/p>\n","protected":false},"excerpt":{"rendered":"<p>El futbolista de los Pumas UNAM, Jos\u00e9 Juan Mac\u00edas tendr\u00e1 que ser intervenido luego de sufrir una nueva rotura de ligamentos tras el partido disputado ante Cruz Azul en la jornada 17. A trav\u00e9s de un comunicado, el conjunto universitario inform\u00f3 que Mac\u00edas presenta una ruptura completa de ligamento cruzado anterior, ruptura de ligamento colateral [&hellip;]<\/p>\n","protected":false},"author":8,"featured_media":200245,"comment_status":"open","ping_status":"open","sticky":false,"template":"","format":"standard","meta":{"_monsterinsights_skip_tracking":false,"_monsterinsights_sitenote_active":false,"_monsterinsights_sitenote_note":"","_monsterinsights_sitenote_category":0,"footnotes":""},"categories":[159],"tags":[16654,22497],"class_list":["post-200244","post","type-post","status-publish","format-standard","has-post-thumbnail","hentry","category-deportes","tag-jose-juan-macias","tag-pumas-unam","wp-image-borders"],"amp_enabled":true,"_links":{"self":[{"href":"https:\/\/nvnoticias.mx\/index.php\/wp-json\/wp\/v2\/posts\/200244","targetHints":{"allow":["GET"]}}],"collection":[{"href":"https:\/\/nvnoticias.mx\/index.php\/wp-json\/wp\/v2\/posts"}],"about":[{"href":"https:\/\/nvnoticias.mx\/index.php\/wp-json\/wp\/v2\/types\/post"}],"author":[{"embeddable":true,"href":"https:\/\/nvnoticias.mx\/index.php\/wp-json\/wp\/v2\/users\/8"}],"replies":[{"embeddable":true,"href":"https:\/\/nvnoticias.mx\/index.php\/wp-json\/wp\/v2\/comments?post=200244"}],"version-history":[{"count":1,"href":"https:\/\/nvnoticias.mx\/index.php\/wp-json\/wp\/v2\/posts\/200244\/revisions"}],"predecessor-version":[{"id":200246,"href":"https:\/\/nvnoticias.mx\/index.php\/wp-json\/wp\/v2\/posts\/200244\/revisions\/200246"}],"wp:featuredmedia":[{"embeddable":true,"href":"https:\/\/nvnoticias.mx\/index.php\/wp-json\/wp\/v2\/media\/200245"}],"wp:attachment":[{"href":"https:\/\/nvnoticias.mx\/index.php\/wp-json\/wp\/v2\/media?parent=200244"}],"wp:term":[{"taxonomy":"category","embeddable":true,"href":"https:\/\/nvnoticias.mx\/index.php\/wp-json\/wp\/v2\/categories?post=200244"},{"taxonomy":"post_tag","embeddable":true,"href":"https:\/\/nvnoticias.mx\/index.php\/wp-json\/wp\/v2\/tags?post=200244"}],"curies":[{"name":"wp","href":"https:\/\/api.w.org\/{rel}","templated":true}]}}