{"id":20024,"date":"2021-08-02T13:06:29","date_gmt":"2021-08-02T18:06:29","guid":{"rendered":"https:\/\/nvnoticias.mx\/?p=20024"},"modified":"2021-08-02T13:06:54","modified_gmt":"2021-08-02T18:06:54","slug":"acusa-gobernador-al-ine-por-encubrir-a-ex-presidentes","status":"publish","type":"post","link":"https:\/\/nvnoticias.mx\/index.php\/2021\/08\/02\/acusa-gobernador-al-ine-por-encubrir-a-ex-presidentes\/","title":{"rendered":"Acusa Gobernador al INE por encubrir a ex presidentes"},"content":{"rendered":"\n<p><strong>Sam Ojeda | NV Noticias<\/strong>&nbsp;<\/p>\n\n\n\n<p>Xalapa. &#8211; El gobernador de Veracruz, Cuitl\u00e1huac Garc\u00eda Jim\u00e9nez, se lanz\u00f3 contra el Instituto Nacional Electoral (INE) y asegur\u00f3 que no est\u00e1 a la altura de la vida democr\u00e1tica en el pa\u00eds.&nbsp;<\/p>\n\n\n\n<p>Durante su conferencia de este lunes fij\u00f3 su posicionamiento en contra del instituto y su desempe\u00f1o en la organizaci\u00f3n de la consulta popular, pues dijo que protegi\u00f3 a ex presidentes y convoc\u00f3 al Congreso de la Uni\u00f3n para \u201ctomar cartas en el asunto\u201d.&nbsp;&nbsp;<\/p>\n\n\n\n<blockquote class=\"wp-block-quote is-layout-flow wp-block-quote-is-layout-flow\"><p>\u201cEn este primer ejercicio nacional el INE no estuvo a la altura, el intento por desalentar la participaci\u00f3n ciudadana, mover y quitar casillas de \u00faltimo momento, desorientar en las casillas, no instalar casillas para ciudadanos en tr\u00e1nsito; en Veracruz, el solo instalar un tercio de las mismas y dejar a 30 municipios sin ninguna casilla siquiera, lo dejan muy claro\u201d.\u00a0<\/p><\/blockquote>\n\n\n\n<p>Cuestionado sobre los casos en que se observ\u00f3 a funcionarios de casilla de Orizaba rellenar las urnas debido a la poca participaci\u00f3n de los ciudadanos, el mandatario dijo que ese es el ejemplo de que el INE no est\u00e1 dando resultados.&nbsp;<\/p>\n\n\n\n<blockquote class=\"wp-block-quote is-layout-flow wp-block-quote-is-layout-flow\"><p>\u201cEl INE ya no est\u00e1 a la altura, sigue permitiendo fraude en las casillas, el responsable de organizar esta consulta es el INE y si hay alg\u00fan asunto como ese, lo tiene que resolver la autoridad electoral, para eso se gasta tanto dinero en el INE y tribunales electorales, tienen que resolverlo, tienen que quedar claro\u201d, dijo.\u00a0\u00a0<\/p><\/blockquote>\n\n\n\n<p>Dijo que intent\u00f3 desalentar la participaci\u00f3n ciudadana al establecer un menor n\u00famero de casillas para la recepci\u00f3n de la opini\u00f3n de los ciudadanos y al cambiar \u201cde \u00faltimo momento\u201d las sedes de las mesas receptoras.&nbsp;&nbsp;<\/p>\n\n\n\n<blockquote class=\"wp-block-quote is-layout-flow wp-block-quote-is-layout-flow\"><p>\u201cNo cabe duda que las estructuras del poder que dejaron ex presidentes, y que permanecen actuaron en su defensa. Creemos que el INE est\u00e1 demostrando inoperancia ante los nuevos retos democr\u00e1ticos que se le exigen; el Congreso de la Uni\u00f3n deber\u00e1n tomar cartas en el asunto\u201d.\u00a0\u00a0<\/p><\/blockquote>\n","protected":false},"excerpt":{"rendered":"<p>Sam Ojeda | NV Noticias&nbsp; Xalapa. &#8211; El gobernador de Veracruz, Cuitl\u00e1huac Garc\u00eda Jim\u00e9nez, se lanz\u00f3 contra el Instituto Nacional Electoral (INE) y asegur\u00f3 que no est\u00e1 a la altura de la vida democr\u00e1tica en el pa\u00eds.&nbsp; Durante su conferencia de este lunes fij\u00f3 su posicionamiento en contra del instituto y su desempe\u00f1o en la [&hellip;]<\/p>\n","protected":false},"author":6,"featured_media":20025,"comment_status":"open","ping_status":"open","sticky":false,"template":"","format":"standard","meta":{"_monsterinsights_skip_tracking":false,"_monsterinsights_sitenote_active":false,"_monsterinsights_sitenote_note":"","_monsterinsights_sitenote_category":0,"footnotes":""},"categories":[156],"tags":[965,3325,271,443,162],"class_list":["post-20024","post","type-post","status-publish","format-standard","has-post-thumbnail","hentry","category-estado","tag-cuitlahuac-garcia-jimenez","tag-expresidentes","tag-gobernador","tag-ine","tag-portada","wp-image-borders"],"amp_enabled":true,"_links":{"self":[{"href":"https:\/\/nvnoticias.mx\/index.php\/wp-json\/wp\/v2\/posts\/20024","targetHints":{"allow":["GET"]}}],"collection":[{"href":"https:\/\/nvnoticias.mx\/index.php\/wp-json\/wp\/v2\/posts"}],"about":[{"href":"https:\/\/nvnoticias.mx\/index.php\/wp-json\/wp\/v2\/types\/post"}],"author":[{"embeddable":true,"href":"https:\/\/nvnoticias.mx\/index.php\/wp-json\/wp\/v2\/users\/6"}],"replies":[{"embeddable":true,"href":"https:\/\/nvnoticias.mx\/index.php\/wp-json\/wp\/v2\/comments?post=20024"}],"version-history":[{"count":1,"href":"https:\/\/nvnoticias.mx\/index.php\/wp-json\/wp\/v2\/posts\/20024\/revisions"}],"predecessor-version":[{"id":20026,"href":"https:\/\/nvnoticias.mx\/index.php\/wp-json\/wp\/v2\/posts\/20024\/revisions\/20026"}],"wp:featuredmedia":[{"embeddable":true,"href":"https:\/\/nvnoticias.mx\/index.php\/wp-json\/wp\/v2\/media\/20025"}],"wp:attachment":[{"href":"https:\/\/nvnoticias.mx\/index.php\/wp-json\/wp\/v2\/media?parent=20024"}],"wp:term":[{"taxonomy":"category","embeddable":true,"href":"https:\/\/nvnoticias.mx\/index.php\/wp-json\/wp\/v2\/categories?post=20024"},{"taxonomy":"post_tag","embeddable":true,"href":"https:\/\/nvnoticias.mx\/index.php\/wp-json\/wp\/v2\/tags?post=20024"}],"curies":[{"name":"wp","href":"https:\/\/api.w.org\/{rel}","templated":true}]}}