{"id":200234,"date":"2025-11-10T13:16:02","date_gmt":"2025-11-10T19:16:02","guid":{"rendered":"https:\/\/nvnoticias.mx\/?p=200234"},"modified":"2025-11-10T13:16:07","modified_gmt":"2025-11-10T19:16:07","slug":"piancastelli-sera-gloriosa-en-2026","status":"publish","type":"post","link":"https:\/\/nvnoticias.mx\/index.php\/2025\/11\/10\/piancastelli-sera-gloriosa-en-2026\/","title":{"rendered":"Piancastelli ser\u00e1 Gloriosa en 2026"},"content":{"rendered":"\n<p><\/p>\n\n\n\n<p>Una bateadora de poder y que se puede desempe\u00f1ar como receptora y jardinera, es la italiana Erika Piancastelli, quien se unir\u00e1 a la legi\u00f3n de extranjeras de El \u00c1guila Softbol para la temporada 2026 de la Liga Mexicana de Softbol (LMS).<\/p>\n\n\n\n<p>La Gerencia deportiva encabezada por Andrea Valdez da a conocer la contrataci\u00f3n de una de las estelares de las Azurre, Erika Piancastelli brill\u00f3 a la ofensiva en el Campeonato Europeo de Softbol Femenil 2025, donde Italia se proclam\u00f3 campe\u00f3n; Piancastelli fue la segunda mejor productora de carreras con 12 y la m\u00e1s jonronera con cinco vuela cercas de todo el torneo.<\/p>\n\n\n\n<p>Erika Piancastelli tiene una herencia en la pelota importante, su padre jug\u00f3 beisbol en Italia, mientras que su madre Loredana Aulleta, jug\u00f3 con la Selecci\u00f3n de Italia de Softbol, los Juegos Ol\u00edmpicos Syndey 2000.<\/p>\n\n\n\n<p>Piancastelli cuenta con historial con la Selecci\u00f3n de Italia, que van desde cinco campeonatos europeos hasta los Juegos Ol\u00edmpicos de Tokio 2020.<\/p>\n\n\n\n<p>Erika es ampliamente conocida en el mundo de la pelota, motivo por el cual MLB la ha invitado a diversos eventos como Home Run Derby X. La WBSC en sus portales la etiqueta como \u201cUna de las bateadoras m\u00e1s temibles de Europa\u201d.<\/p>\n\n\n\n<p>Con la llegada de Piancastelli, las Gloriosas suman poder y defensiva en los jardines y detr\u00e1s del plato.<\/p>\n","protected":false},"excerpt":{"rendered":"<p>Una bateadora de poder y que se puede desempe\u00f1ar como receptora y jardinera, es la italiana Erika Piancastelli, quien se unir\u00e1 a la legi\u00f3n de extranjeras de El \u00c1guila Softbol para la temporada 2026 de la Liga Mexicana de Softbol (LMS). La Gerencia deportiva encabezada por Andrea Valdez da a conocer la contrataci\u00f3n de una [&hellip;]<\/p>\n","protected":false},"author":8,"featured_media":200235,"comment_status":"open","ping_status":"open","sticky":false,"template":"","format":"standard","meta":{"_monsterinsights_skip_tracking":false,"_monsterinsights_sitenote_active":false,"_monsterinsights_sitenote_note":"","_monsterinsights_sitenote_category":0,"footnotes":""},"categories":[159],"tags":[28987,32603],"class_list":["post-200234","post","type-post","status-publish","format-standard","has-post-thumbnail","hentry","category-deportes","tag-el-aguila-de-veracruz-femenil","tag-erika-piancastelli","wp-image-borders"],"amp_enabled":true,"_links":{"self":[{"href":"https:\/\/nvnoticias.mx\/index.php\/wp-json\/wp\/v2\/posts\/200234","targetHints":{"allow":["GET"]}}],"collection":[{"href":"https:\/\/nvnoticias.mx\/index.php\/wp-json\/wp\/v2\/posts"}],"about":[{"href":"https:\/\/nvnoticias.mx\/index.php\/wp-json\/wp\/v2\/types\/post"}],"author":[{"embeddable":true,"href":"https:\/\/nvnoticias.mx\/index.php\/wp-json\/wp\/v2\/users\/8"}],"replies":[{"embeddable":true,"href":"https:\/\/nvnoticias.mx\/index.php\/wp-json\/wp\/v2\/comments?post=200234"}],"version-history":[{"count":1,"href":"https:\/\/nvnoticias.mx\/index.php\/wp-json\/wp\/v2\/posts\/200234\/revisions"}],"predecessor-version":[{"id":200236,"href":"https:\/\/nvnoticias.mx\/index.php\/wp-json\/wp\/v2\/posts\/200234\/revisions\/200236"}],"wp:featuredmedia":[{"embeddable":true,"href":"https:\/\/nvnoticias.mx\/index.php\/wp-json\/wp\/v2\/media\/200235"}],"wp:attachment":[{"href":"https:\/\/nvnoticias.mx\/index.php\/wp-json\/wp\/v2\/media?parent=200234"}],"wp:term":[{"taxonomy":"category","embeddable":true,"href":"https:\/\/nvnoticias.mx\/index.php\/wp-json\/wp\/v2\/categories?post=200234"},{"taxonomy":"post_tag","embeddable":true,"href":"https:\/\/nvnoticias.mx\/index.php\/wp-json\/wp\/v2\/tags?post=200234"}],"curies":[{"name":"wp","href":"https:\/\/api.w.org\/{rel}","templated":true}]}}